{"id":4266,"date":"2021-06-22T08:53:45","date_gmt":"2021-06-22T06:53:45","guid":{"rendered":"http:\/\/agora.xtec.cat\/ceip-catalunya-sabadell\/?p=4266"},"modified":"2021-06-22T08:53:45","modified_gmt":"2021-06-22T06:53:45","slug":"telenoticies-4t","status":"publish","type":"post","link":"https:\/\/agora.xtec.cat\/ceip-catalunya-sabadell\/general\/telenoticies-4t\/","title":{"rendered":"Telenot\u00edcies 4t"},"content":{"rendered":"<p>Ja tenim aqu\u00ed el telenot\u00edcies de 4t!!!<\/p>\n<p>Tot l&#8217;alumnat de 4t i mestres estem molt contentes de poder presentar-vos els dos telenot\u00edcies que hem treballat i gaudit al llarg d&#8217;aquest 3r trimestre.<\/p>\n<p>Esperem que els gaudiu molt i que us agradin tant com a nosaltres.<\/p>\n<p>Aqu\u00ed us deixem els enlla\u00e7os per poder-los visualitzar.<\/p>\n<p>4t A:<\/p>\n<p><iframe loading=\"lazy\" src=\"\/\/www.youtube.com\/embed\/BMZl2WauSeI\" width=\"560\" height=\"314\"><\/iframe><\/p>\n<p>4t B:<\/p>\n<p>https:\/\/youtu.be\/EpfSEhA5bUU<\/p>\n","protected":false},"excerpt":{"rendered":"<p>Ja tenim aqu\u00ed el telenot\u00edcies de 4t!!!<br \/>\nTot l&#8217;alumnat de 4t i mestres estem molt contentes de poder presentar-vos els dos telenot\u00edcies que hem treballat i gaudit al llarg d&#8217;aquest 3r trimestre.<br \/>\nEsperem que els gaudiu molt i que us agradin tant com a nosaltres.<br \/>\nAqu\u00ed us deixem&hellip;  <a href=\"https:\/\/agora.xtec.cat\/ceip-catalunya-sabadell\/general\/telenoticies-4t\/\" title=\"Read Telenot\u00edcies 4t\">Llegeix m\u00e9s\u00bb<\/a><\/p>\n","protected":false},"author":60,"featured_media":4270,"comment_status":"open","ping_status":"closed","sticky":false,"template":"","format":"standard","meta":{"_bbp_topic_count":0,"_bbp_reply_count":0,"_bbp_total_topic_count":0,"_bbp_total_reply_count":0,"_bbp_voice_count":0,"_bbp_anonymous_reply_count":0,"_bbp_topic_count_hidden":0,"_bbp_reply_count_hidden":0,"_bbp_forum_subforum_count":0,"footnotes":""},"categories":[13,1,4,37],"tags":[],"class_list":["post-4266","post","type-post","status-publish","format-standard","has-post-thumbnail","hentry","category-4t","category-general","category-portada","category-teatre"],"post_mailing_queue_ids":[],"_links":{"self":[{"href":"https:\/\/agora.xtec.cat\/ceip-catalunya-sabadell\/wp-json\/wp\/v2\/posts\/4266","targetHints":{"allow":["GET"]}}],"collection":[{"href":"https:\/\/agora.xtec.cat\/ceip-catalunya-sabadell\/wp-json\/wp\/v2\/posts"}],"about":[{"href":"https:\/\/agora.xtec.cat\/ceip-catalunya-sabadell\/wp-json\/wp\/v2\/types\/post"}],"author":[{"embeddable":true,"href":"https:\/\/agora.xtec.cat\/ceip-catalunya-sabadell\/wp-json\/wp\/v2\/users\/60"}],"replies":[{"embeddable":true,"href":"https:\/\/agora.xtec.cat\/ceip-catalunya-sabadell\/wp-json\/wp\/v2\/comments?post=4266"}],"version-history":[{"count":3,"href":"https:\/\/agora.xtec.cat\/ceip-catalunya-sabadell\/wp-json\/wp\/v2\/posts\/4266\/revisions"}],"predecessor-version":[{"id":4271,"href":"https:\/\/agora.xtec.cat\/ceip-catalunya-sabadell\/wp-json\/wp\/v2\/posts\/4266\/revisions\/4271"}],"wp:featuredmedia":[{"embeddable":true,"href":"https:\/\/agora.xtec.cat\/ceip-catalunya-sabadell\/wp-json\/wp\/v2\/media\/4270"}],"wp:attachment":[{"href":"https:\/\/agora.xtec.cat\/ceip-catalunya-sabadell\/wp-json\/wp\/v2\/media?parent=4266"}],"wp:term":[{"taxonomy":"category","embeddable":true,"href":"https:\/\/agora.xtec.cat\/ceip-catalunya-sabadell\/wp-json\/wp\/v2\/categories?post=4266"},{"taxonomy":"post_tag","embeddable":true,"href":"https:\/\/agora.xtec.cat\/ceip-catalunya-sabadell\/wp-json\/wp\/v2\/tags?post=4266"}],"curies":[{"name":"wp","href":"https:\/\/api.w.org\/{rel}","templated":true}]}}