{"id":4163,"date":"2021-04-22T09:49:17","date_gmt":"2021-04-22T07:49:17","guid":{"rendered":"http:\/\/agora.xtec.cat\/ceip-catalunya-sabadell\/?p=4163"},"modified":"2021-04-22T10:56:06","modified_gmt":"2021-04-22T08:56:06","slug":"trailer-art-i-poesia-2021","status":"publish","type":"post","link":"https:\/\/agora.xtec.cat\/ceip-catalunya-sabadell\/portada\/trailer-art-i-poesia-2021\/","title":{"rendered":"TR\u00c0ILER &#8220;ART I POESIA 2021&#8221;"},"content":{"rendered":"<p>Ja tenim un petit avan\u00e7ament de l&#8217;espectacle d'&#8221;Art i Poesia&#8221; que est\u00e0 preparant tot l&#8217;alumnat de 3r de Prim\u00e0ria.<\/p>\n<p>Us deixem el tr\u00e0iler per anar obrint boca&#8230;<\/p>\n<p><iframe loading=\"lazy\" src=\"\/\/www.youtube.com\/embed\/DAZdKa_5bi4\" width=\"560\" height=\"314\"><\/iframe><\/p>\n<p>Quines ganes de veure l&#8217;espectacle sencer!!!<\/p>\n","protected":false},"excerpt":{"rendered":"<p>Ja tenim un petit avan\u00e7ament de l&#8217;espectacle d&#8217;&#8221;Art i Poesia&#8221; que est\u00e0 preparant tot l&#8217;alumnat de 3r de Prim\u00e0ria.<br \/>\nUs deixem el tr\u00e0iler per anar obrint boca&#8230;<\/p>\n<p>Quines ganes de veure l&#8217;espectacle sencer!!!<\/p>\n","protected":false},"author":3,"featured_media":4164,"comment_status":"closed","ping_status":"closed","sticky":false,"template":"","format":"standard","meta":{"_bbp_topic_count":0,"_bbp_reply_count":0,"_bbp_total_topic_count":0,"_bbp_total_reply_count":0,"_bbp_voice_count":0,"_bbp_anonymous_reply_count":0,"_bbp_topic_count_hidden":0,"_bbp_reply_count_hidden":0,"_bbp_forum_subforum_count":0,"footnotes":""},"categories":[124,118,36,39,4,37],"tags":[],"class_list":["post-4163","post","type-post","status-publish","format-standard","has-post-thumbnail","hentry","category-promocio-20-29","category-promocio19-28","category-festes","category-jo-llegeixo-jo-escric-jo-visc","category-portada","category-teatre"],"post_mailing_queue_ids":[],"_links":{"self":[{"href":"https:\/\/agora.xtec.cat\/ceip-catalunya-sabadell\/wp-json\/wp\/v2\/posts\/4163","targetHints":{"allow":["GET"]}}],"collection":[{"href":"https:\/\/agora.xtec.cat\/ceip-catalunya-sabadell\/wp-json\/wp\/v2\/posts"}],"about":[{"href":"https:\/\/agora.xtec.cat\/ceip-catalunya-sabadell\/wp-json\/wp\/v2\/types\/post"}],"author":[{"embeddable":true,"href":"https:\/\/agora.xtec.cat\/ceip-catalunya-sabadell\/wp-json\/wp\/v2\/users\/3"}],"replies":[{"embeddable":true,"href":"https:\/\/agora.xtec.cat\/ceip-catalunya-sabadell\/wp-json\/wp\/v2\/comments?post=4163"}],"version-history":[{"count":3,"href":"https:\/\/agora.xtec.cat\/ceip-catalunya-sabadell\/wp-json\/wp\/v2\/posts\/4163\/revisions"}],"predecessor-version":[{"id":4167,"href":"https:\/\/agora.xtec.cat\/ceip-catalunya-sabadell\/wp-json\/wp\/v2\/posts\/4163\/revisions\/4167"}],"wp:featuredmedia":[{"embeddable":true,"href":"https:\/\/agora.xtec.cat\/ceip-catalunya-sabadell\/wp-json\/wp\/v2\/media\/4164"}],"wp:attachment":[{"href":"https:\/\/agora.xtec.cat\/ceip-catalunya-sabadell\/wp-json\/wp\/v2\/media?parent=4163"}],"wp:term":[{"taxonomy":"category","embeddable":true,"href":"https:\/\/agora.xtec.cat\/ceip-catalunya-sabadell\/wp-json\/wp\/v2\/categories?post=4163"},{"taxonomy":"post_tag","embeddable":true,"href":"https:\/\/agora.xtec.cat\/ceip-catalunya-sabadell\/wp-json\/wp\/v2\/tags?post=4163"}],"curies":[{"name":"wp","href":"https:\/\/api.w.org\/{rel}","templated":true}]}}