{"id":4114,"date":"2021-03-25T13:23:28","date_gmt":"2021-03-25T12:23:28","guid":{"rendered":"http:\/\/agora.xtec.cat\/ceip-catalunya-sabadell\/?p=4114"},"modified":"2021-03-25T13:23:28","modified_gmt":"2021-03-25T12:23:28","slug":"colonies-a-can-ribas-3r-curs","status":"publish","type":"post","link":"https:\/\/agora.xtec.cat\/ceip-catalunya-sabadell\/general\/colonies-a-can-ribas-3r-curs\/","title":{"rendered":"Col\u00f2nies a Can Ribas &#8211; 3r curs"},"content":{"rendered":"<p>Els nens i nenes de 3r vam marxar de col\u00f2nies a Can Ribas que \u00e9s una casa pairal del s. XVI,\u00a0 restau<a href=\"https:\/\/agora.xtec.cat\/ceip-catalunya-sabadell\/wp-content\/uploads\/usu823\/2021\/03\/IMG-20210323-WA0034.jpg\"><img loading=\"lazy\" decoding=\"async\" class=\" wp-image-4118 alignleft\" src=\"https:\/\/agora.xtec.cat\/ceip-catalunya-sabadell\/wp-content\/uploads\/usu823\/2021\/03\/IMG-20210323-WA0034-300x169.jpg\" alt=\"\" width=\"261\" height=\"261\" \/><\/a>rada i convertida en casa de col\u00f2nies i escola de natura des de 1982.<br \/>\nCompr\u00e8n 23 hect\u00e0rees de boscos, camps de conreu i instal\u00b7lacions.<\/p>\n<p>On van fer la volta al m\u00f3n i vam con\u00e8ixer la diversitat cultural del m\u00f3n, despertar l&#8217;empatia i fomentar la toler\u00e0ncia i la curiositat per adquirir nous coneixements.<\/p>\n<p>Ens ho vam passar genial i vam tornar amb molts records.<\/p>\n<p><a href=\"https:\/\/drive.google.com\/drive\/folders\/1JQweZNDf6hqkdJ62VaSrQFtd9Xb7YQ6v?usp=sharing\">Recull d&#8217;imatges.<\/a><\/p>\n","protected":false},"excerpt":{"rendered":"<p>Els nens i nenes de 3r vam marxar de col\u00f2nies a Can Ribas que \u00e9s una casa pairal del s. XVI,\u00a0 restau<a href=\"https:\/\/agora.xtec.cat\/ceip-catalunya-sabadell\/wp-content\/uploads\/usu823\/2021\/03\/IMG-20210323-WA0034.jpg\"><\/a>rada i convertida en casa de col\u00f2nies i escola de natura des de 1982.<br \/>\nCompr\u00e8n 23 hect\u00e0rees de boscos, camps de conreu i instal\u00b7lacions.<br \/>\nOn&hellip;  <a href=\"https:\/\/agora.xtec.cat\/ceip-catalunya-sabadell\/general\/colonies-a-can-ribas-3r-curs\/\" title=\"Read Col\u00f2nies a Can Ribas &#8211; 3r curs\">Llegeix m\u00e9s\u00bb<\/a><\/p>\n","protected":false},"author":3,"featured_media":4118,"comment_status":"open","ping_status":"closed","sticky":false,"template":"","format":"standard","meta":{"_bbp_topic_count":0,"_bbp_reply_count":0,"_bbp_total_topic_count":0,"_bbp_total_reply_count":0,"_bbp_voice_count":0,"_bbp_anonymous_reply_count":0,"_bbp_topic_count_hidden":0,"_bbp_reply_count_hidden":0,"_bbp_forum_subforum_count":0,"footnotes":""},"categories":[1,4],"tags":[],"class_list":["post-4114","post","type-post","status-publish","format-standard","has-post-thumbnail","hentry","category-general","category-portada"],"post_mailing_queue_ids":[],"_links":{"self":[{"href":"https:\/\/agora.xtec.cat\/ceip-catalunya-sabadell\/wp-json\/wp\/v2\/posts\/4114","targetHints":{"allow":["GET"]}}],"collection":[{"href":"https:\/\/agora.xtec.cat\/ceip-catalunya-sabadell\/wp-json\/wp\/v2\/posts"}],"about":[{"href":"https:\/\/agora.xtec.cat\/ceip-catalunya-sabadell\/wp-json\/wp\/v2\/types\/post"}],"author":[{"embeddable":true,"href":"https:\/\/agora.xtec.cat\/ceip-catalunya-sabadell\/wp-json\/wp\/v2\/users\/3"}],"replies":[{"embeddable":true,"href":"https:\/\/agora.xtec.cat\/ceip-catalunya-sabadell\/wp-json\/wp\/v2\/comments?post=4114"}],"version-history":[{"count":3,"href":"https:\/\/agora.xtec.cat\/ceip-catalunya-sabadell\/wp-json\/wp\/v2\/posts\/4114\/revisions"}],"predecessor-version":[{"id":4121,"href":"https:\/\/agora.xtec.cat\/ceip-catalunya-sabadell\/wp-json\/wp\/v2\/posts\/4114\/revisions\/4121"}],"wp:featuredmedia":[{"embeddable":true,"href":"https:\/\/agora.xtec.cat\/ceip-catalunya-sabadell\/wp-json\/wp\/v2\/media\/4118"}],"wp:attachment":[{"href":"https:\/\/agora.xtec.cat\/ceip-catalunya-sabadell\/wp-json\/wp\/v2\/media?parent=4114"}],"wp:term":[{"taxonomy":"category","embeddable":true,"href":"https:\/\/agora.xtec.cat\/ceip-catalunya-sabadell\/wp-json\/wp\/v2\/categories?post=4114"},{"taxonomy":"post_tag","embeddable":true,"href":"https:\/\/agora.xtec.cat\/ceip-catalunya-sabadell\/wp-json\/wp\/v2\/tags?post=4114"}],"curies":[{"name":"wp","href":"https:\/\/api.w.org\/{rel}","templated":true}]}}