{"id":4064,"date":"2021-03-08T09:32:35","date_gmt":"2021-03-08T08:32:35","guid":{"rendered":"http:\/\/agora.xtec.cat\/ceip-catalunya-sabadell\/?p=4064"},"modified":"2021-03-08T09:32:35","modified_gmt":"2021-03-08T08:32:35","slug":"dia-de-les-dones-2021","status":"publish","type":"post","link":"https:\/\/agora.xtec.cat\/ceip-catalunya-sabadell\/portada\/dia-de-les-dones-2021\/","title":{"rendered":"Dia de les dones 2021"},"content":{"rendered":"<p>Us compartim un v\u00eddeo molt bonic que ha preparat l&#8217;AFA de l&#8217;escola sobre el que representa el dia de les dones. Mireu, mireu&#8230;<\/p>\n<p><iframe loading=\"lazy\" src=\"\/\/www.youtube.com\/embed\/DPyudcZAnp4\" width=\"560\" height=\"314\"><\/iframe><\/p>\n<p>A m\u00e9s, des de l&#8217;AFA tamb\u00e9 volen saber qu\u00e8 representa per a la comunitat educativa &#8220;el dia de la dona&#8221;, per aix\u00f2 han creat aquest formulari <a href=\"https:\/\/forms.gle\/VbJcQrgZGXz7f9EK6\" target=\"_blank\" rel=\"noopener noreferrer\" data-saferedirecturl=\"https:\/\/www.google.com\/url?q=https:\/\/forms.gle\/VbJcQrgZGXz7f9EK6&amp;source=gmail&amp;ust=1615278543895000&amp;usg=AFQjCNF7dxcg2Z4FpmdWIzWD7pzLYPIklg\">https:\/\/forms.gle\/VbJcQrgZGXz7<wbr \/>f9EK6<\/a> per poder recollir la vostra veu i muntar un n\u00favol de paraules totes juntes.<br \/>\nEls resultats els compartirem dem\u00e0!<br \/>\n<a href=\"https:\/\/ampacatalunya.cat\/dia-de-les-dones-8m-nuvol-de-paraules\/\" target=\"_blank\" rel=\"noopener noreferrer\" data-saferedirecturl=\"https:\/\/www.google.com\/url?q=https:\/\/ampacatalunya.cat\/dia-de-les-dones-8m-nuvol-de-paraules\/&amp;source=gmail&amp;ust=1615278543895000&amp;usg=AFQjCNEpwzZCkTSvlIL2-GElJWJ7B20D_A\">https:\/\/ampacatalunya.cat\/dia-<wbr \/>de-les-dones-8m-nuvol-de-parau<wbr \/>les\/<\/a><span style=\"color: #888888;\"><br \/>\n<\/span><\/p>\n","protected":false},"excerpt":{"rendered":"<p>Us compartim un v\u00eddeo molt bonic que ha preparat l&#8217;AFA de l&#8217;escola sobre el que representa el dia de les dones. Mireu, mireu&#8230;<\/p>\n<p>A m\u00e9s, des de l&#8217;AFA tamb\u00e9 volen saber qu\u00e8 representa per a la comunitat educativa &#8220;el dia de la dona&#8221;, per aix\u00f2 han&hellip;  <a href=\"https:\/\/agora.xtec.cat\/ceip-catalunya-sabadell\/portada\/dia-de-les-dones-2021\/\" title=\"Read Dia de les dones 2021\">Llegeix m\u00e9s\u00bb<\/a><\/p>\n","protected":false},"author":3,"featured_media":4065,"comment_status":"open","ping_status":"closed","sticky":false,"template":"","format":"standard","meta":{"_bbp_topic_count":0,"_bbp_reply_count":0,"_bbp_total_topic_count":0,"_bbp_total_reply_count":0,"_bbp_voice_count":0,"_bbp_anonymous_reply_count":0,"_bbp_topic_count_hidden":0,"_bbp_reply_count_hidden":0,"_bbp_forum_subforum_count":0,"footnotes":""},"categories":[7,4],"tags":[],"class_list":["post-4064","post","type-post","status-publish","format-standard","has-post-thumbnail","hentry","category-ampa","category-portada"],"post_mailing_queue_ids":[],"_links":{"self":[{"href":"https:\/\/agora.xtec.cat\/ceip-catalunya-sabadell\/wp-json\/wp\/v2\/posts\/4064","targetHints":{"allow":["GET"]}}],"collection":[{"href":"https:\/\/agora.xtec.cat\/ceip-catalunya-sabadell\/wp-json\/wp\/v2\/posts"}],"about":[{"href":"https:\/\/agora.xtec.cat\/ceip-catalunya-sabadell\/wp-json\/wp\/v2\/types\/post"}],"author":[{"embeddable":true,"href":"https:\/\/agora.xtec.cat\/ceip-catalunya-sabadell\/wp-json\/wp\/v2\/users\/3"}],"replies":[{"embeddable":true,"href":"https:\/\/agora.xtec.cat\/ceip-catalunya-sabadell\/wp-json\/wp\/v2\/comments?post=4064"}],"version-history":[{"count":1,"href":"https:\/\/agora.xtec.cat\/ceip-catalunya-sabadell\/wp-json\/wp\/v2\/posts\/4064\/revisions"}],"predecessor-version":[{"id":4066,"href":"https:\/\/agora.xtec.cat\/ceip-catalunya-sabadell\/wp-json\/wp\/v2\/posts\/4064\/revisions\/4066"}],"wp:featuredmedia":[{"embeddable":true,"href":"https:\/\/agora.xtec.cat\/ceip-catalunya-sabadell\/wp-json\/wp\/v2\/media\/4065"}],"wp:attachment":[{"href":"https:\/\/agora.xtec.cat\/ceip-catalunya-sabadell\/wp-json\/wp\/v2\/media?parent=4064"}],"wp:term":[{"taxonomy":"category","embeddable":true,"href":"https:\/\/agora.xtec.cat\/ceip-catalunya-sabadell\/wp-json\/wp\/v2\/categories?post=4064"},{"taxonomy":"post_tag","embeddable":true,"href":"https:\/\/agora.xtec.cat\/ceip-catalunya-sabadell\/wp-json\/wp\/v2\/tags?post=4064"}],"curies":[{"name":"wp","href":"https:\/\/api.w.org\/{rel}","templated":true}]}}