{"id":4039,"date":"2021-02-22T08:54:26","date_gmt":"2021-02-22T07:54:26","guid":{"rendered":"http:\/\/agora.xtec.cat\/ceip-catalunya-sabadell\/?p=4039"},"modified":"2021-02-22T08:54:26","modified_gmt":"2021-02-22T07:54:26","slug":"el-carnaval-a-6e","status":"publish","type":"post","link":"https:\/\/agora.xtec.cat\/ceip-catalunya-sabadell\/general\/el-carnaval-a-6e\/","title":{"rendered":"El Carnaval a 6\u00e8!"},"content":{"rendered":"<p>Hola fam\u00edlies!!!<\/p>\n<p>Vam passar una setmana xul\u00edssima amb molta gresca a l&#8217;escola&#8230; \u00e9s per aix\u00f2 que vam fer fotos per compartir-les amb vosaltres i aix\u00ed pugu\u00e9ssiu gaudir tamb\u00e9!<\/p>\n<p>Clicant <a href=\"https:\/\/drive.google.com\/drive\/folders\/1-OCX7lDBaECPZe6sa-i2kGT4pgRzQ6xZ?usp=sharing\">AQU\u00cd<\/a> podreu accedir a un enlla\u00e7 amb les fotos de l&#8217;excursi\u00f3 de dijous gras a la font de Ca N&#8217;Argelaguet i <a href=\"https:\/\/drive.google.com\/drive\/folders\/1-3WTSA5fjMRWvD-I7mApaozPusgVQzAr?usp=sharing\">AQU\u00cd<\/a> algunes fotos de divendres de Carnaval!!!!<\/p>\n<p>Esperem que us agradin!!!<\/p>\n","protected":false},"excerpt":{"rendered":"<p>Hola fam\u00edlies!!!<br \/>\nVam passar una setmana xul\u00edssima amb molta gresca a l&#8217;escola&#8230; \u00e9s per aix\u00f2 que vam fer fotos per compartir-les amb vosaltres i aix\u00ed pugu\u00e9ssiu gaudir tamb\u00e9!<br \/>\nClicant <a href=\"https:\/\/drive.google.com\/drive\/folders\/1-OCX7lDBaECPZe6sa-i2kGT4pgRzQ6xZ?usp=sharing\">AQU\u00cd<\/a> podreu accedir a un enlla\u00e7 amb les fotos de l&#8217;excursi\u00f3 de dijous gras a la font&hellip;  <a href=\"https:\/\/agora.xtec.cat\/ceip-catalunya-sabadell\/general\/el-carnaval-a-6e\/\" title=\"Read El Carnaval a 6\u00e8!\">Llegeix m\u00e9s\u00bb<\/a><\/p>\n","protected":false},"author":74,"featured_media":0,"comment_status":"open","ping_status":"closed","sticky":false,"template":"","format":"standard","meta":{"_bbp_topic_count":0,"_bbp_reply_count":0,"_bbp_total_topic_count":0,"_bbp_total_reply_count":0,"_bbp_voice_count":0,"_bbp_anonymous_reply_count":0,"_bbp_topic_count_hidden":0,"_bbp_reply_count_hidden":0,"_bbp_forum_subforum_count":0,"footnotes":""},"categories":[15,36,1],"tags":[],"class_list":["post-4039","post","type-post","status-publish","format-standard","hentry","category-6e","category-festes","category-general"],"post_mailing_queue_ids":[],"_links":{"self":[{"href":"https:\/\/agora.xtec.cat\/ceip-catalunya-sabadell\/wp-json\/wp\/v2\/posts\/4039","targetHints":{"allow":["GET"]}}],"collection":[{"href":"https:\/\/agora.xtec.cat\/ceip-catalunya-sabadell\/wp-json\/wp\/v2\/posts"}],"about":[{"href":"https:\/\/agora.xtec.cat\/ceip-catalunya-sabadell\/wp-json\/wp\/v2\/types\/post"}],"author":[{"embeddable":true,"href":"https:\/\/agora.xtec.cat\/ceip-catalunya-sabadell\/wp-json\/wp\/v2\/users\/74"}],"replies":[{"embeddable":true,"href":"https:\/\/agora.xtec.cat\/ceip-catalunya-sabadell\/wp-json\/wp\/v2\/comments?post=4039"}],"version-history":[{"count":1,"href":"https:\/\/agora.xtec.cat\/ceip-catalunya-sabadell\/wp-json\/wp\/v2\/posts\/4039\/revisions"}],"predecessor-version":[{"id":4041,"href":"https:\/\/agora.xtec.cat\/ceip-catalunya-sabadell\/wp-json\/wp\/v2\/posts\/4039\/revisions\/4041"}],"wp:attachment":[{"href":"https:\/\/agora.xtec.cat\/ceip-catalunya-sabadell\/wp-json\/wp\/v2\/media?parent=4039"}],"wp:term":[{"taxonomy":"category","embeddable":true,"href":"https:\/\/agora.xtec.cat\/ceip-catalunya-sabadell\/wp-json\/wp\/v2\/categories?post=4039"},{"taxonomy":"post_tag","embeddable":true,"href":"https:\/\/agora.xtec.cat\/ceip-catalunya-sabadell\/wp-json\/wp\/v2\/tags?post=4039"}],"curies":[{"name":"wp","href":"https:\/\/api.w.org\/{rel}","templated":true}]}}