{"id":4034,"date":"2021-02-19T16:37:49","date_gmt":"2021-02-19T15:37:49","guid":{"rendered":"http:\/\/agora.xtec.cat\/ceip-catalunya-sabadell\/?p=4034"},"modified":"2021-02-19T16:37:55","modified_gmt":"2021-02-19T15:37:55","slug":"fem-ultimate-a-4rt","status":"publish","type":"post","link":"https:\/\/agora.xtec.cat\/ceip-catalunya-sabadell\/portada\/fem-ultimate-a-4rt\/","title":{"rendered":"Fem ultimate a 4rt"},"content":{"rendered":"<p>Els nens i nenes de 4rt hem treballat l&#8217;Ultimate a les classes d&#8217;educaci\u00f3 f\u00edsica. \u00c9s un esport que no coneixien i han gaudit molt de l&#8217;experi\u00e8ncia.<\/p>\n<p>Aqu\u00ed us deixem un enlla\u00e7 per poder veure <a href=\"https:\/\/photos.app.goo.gl\/vD3pfXhYXDC5Ph1w7\">les fotos i els v\u00eddeos<\/a>.<\/p>\n<p><a href=\"https:\/\/agora.xtec.cat\/ceip-catalunya-sabadell\/wp-content\/uploads\/usu823\/2021\/02\/unnamed.png\"><img loading=\"lazy\" decoding=\"async\" class=\"alignnone size-full wp-image-4035\" src=\"https:\/\/agora.xtec.cat\/ceip-catalunya-sabadell\/wp-content\/uploads\/usu823\/2021\/02\/unnamed.png\" alt=\"\" width=\"512\" height=\"341\" srcset=\"https:\/\/agora.xtec.cat\/ceip-catalunya-sabadell\/wp-content\/uploads\/usu823\/2021\/02\/unnamed.png 512w, https:\/\/agora.xtec.cat\/ceip-catalunya-sabadell\/wp-content\/uploads\/usu823\/2021\/02\/unnamed-300x200.png 300w\" sizes=\"auto, (max-width: 512px) 100vw, 512px\" \/><\/a><\/p>\n","protected":false},"excerpt":{"rendered":"<p>Els nens i nenes de 4rt hem treballat l&#8217;Ultimate a les classes d&#8217;educaci\u00f3 f\u00edsica. \u00c9s un esport que no coneixien i han gaudit molt de l&#8217;experi\u00e8ncia.<br \/>\nAqu\u00ed us deixem un enlla\u00e7 per poder veure <a href=\"https:\/\/photos.app.goo.gl\/vD3pfXhYXDC5Ph1w7\">les fotos i els v\u00eddeos<\/a>.<br \/>\n<a href=\"https:\/\/agora.xtec.cat\/ceip-catalunya-sabadell\/wp-content\/uploads\/usu823\/2021\/02\/unnamed.png\"><\/a><\/p>\n","protected":false},"author":60,"featured_media":4035,"comment_status":"open","ping_status":"closed","sticky":false,"template":"","format":"standard","meta":{"_bbp_topic_count":0,"_bbp_reply_count":0,"_bbp_total_topic_count":0,"_bbp_total_reply_count":0,"_bbp_voice_count":0,"_bbp_anonymous_reply_count":0,"_bbp_topic_count_hidden":0,"_bbp_reply_count_hidden":0,"_bbp_forum_subforum_count":0,"footnotes":""},"categories":[13,120,4,5],"tags":[],"class_list":["post-4034","post","type-post","status-publish","format-standard","has-post-thumbnail","hentry","category-4t","category-educacio-corporal","category-portada","category-primaria"],"post_mailing_queue_ids":[],"_links":{"self":[{"href":"https:\/\/agora.xtec.cat\/ceip-catalunya-sabadell\/wp-json\/wp\/v2\/posts\/4034","targetHints":{"allow":["GET"]}}],"collection":[{"href":"https:\/\/agora.xtec.cat\/ceip-catalunya-sabadell\/wp-json\/wp\/v2\/posts"}],"about":[{"href":"https:\/\/agora.xtec.cat\/ceip-catalunya-sabadell\/wp-json\/wp\/v2\/types\/post"}],"author":[{"embeddable":true,"href":"https:\/\/agora.xtec.cat\/ceip-catalunya-sabadell\/wp-json\/wp\/v2\/users\/60"}],"replies":[{"embeddable":true,"href":"https:\/\/agora.xtec.cat\/ceip-catalunya-sabadell\/wp-json\/wp\/v2\/comments?post=4034"}],"version-history":[{"count":1,"href":"https:\/\/agora.xtec.cat\/ceip-catalunya-sabadell\/wp-json\/wp\/v2\/posts\/4034\/revisions"}],"predecessor-version":[{"id":4036,"href":"https:\/\/agora.xtec.cat\/ceip-catalunya-sabadell\/wp-json\/wp\/v2\/posts\/4034\/revisions\/4036"}],"wp:featuredmedia":[{"embeddable":true,"href":"https:\/\/agora.xtec.cat\/ceip-catalunya-sabadell\/wp-json\/wp\/v2\/media\/4035"}],"wp:attachment":[{"href":"https:\/\/agora.xtec.cat\/ceip-catalunya-sabadell\/wp-json\/wp\/v2\/media?parent=4034"}],"wp:term":[{"taxonomy":"category","embeddable":true,"href":"https:\/\/agora.xtec.cat\/ceip-catalunya-sabadell\/wp-json\/wp\/v2\/categories?post=4034"},{"taxonomy":"post_tag","embeddable":true,"href":"https:\/\/agora.xtec.cat\/ceip-catalunya-sabadell\/wp-json\/wp\/v2\/tags?post=4034"}],"curies":[{"name":"wp","href":"https:\/\/api.w.org\/{rel}","templated":true}]}}