{"id":4008,"date":"2021-02-25T15:08:06","date_gmt":"2021-02-25T14:08:06","guid":{"rendered":"http:\/\/agora.xtec.cat\/ceip-catalunya-sabadell\/?p=4008"},"modified":"2021-03-05T15:12:05","modified_gmt":"2021-03-05T14:12:05","slug":"els-alumnes-de-5e-ens-parlen-de-lestalvi-energetic","status":"publish","type":"post","link":"https:\/\/agora.xtec.cat\/ceip-catalunya-sabadell\/infantil\/els-alumnes-de-5e-ens-parlen-de-lestalvi-energetic\/","title":{"rendered":"Els alumnes de 5\u00e8 ens parlen de l&#8217;estalvi energ\u00e8tic"},"content":{"rendered":"<p>Benvolgudes fam\u00edlies,<\/p>\n<p>Per tal d&#8217;explicar als seus companys i companyes de l&#8217;escola qu\u00e8 \u00e9s l&#8217;estalvi energ\u00e8tic i com es pot aconseguir, els nens i nenes de 5\u00e8 han preparat uns v\u00eddeos a trav\u00e9s dels quals ens conscienciarem i aprendrem un munt de idees i consells. En la primera gravaci\u00f3, 5\u00e8 B ens exposa un munt de maneres de reduir l&#8217;\u00fas de la llum o l&#8217;aigua quan estem a l&#8217;escola. Els alumnes de 5\u00e8\u00a0 A concreten una mica m\u00e9s i ens parlen de l&#8217;estalvi energ\u00e8tic a dins de les aules. En l&#8217;\u00faltim v\u00eddeo, l&#8217;alumnat de 5\u00e8 C ens proposa un grapat de mesures que podem adoptar per tal\u00a0 d&#8217;economitzar a les nostres llars.<\/p>\n<p>Us els presentem a continuaci\u00f3, gaudiu-los!<\/p>\n<p><iframe loading=\"lazy\" title=\"Propostes d&#039;estalvi energ\u00e8tic a l&#039;escola, alumnat de 5\u00e8B\" width=\"500\" height=\"281\" src=\"https:\/\/www.youtube.com\/embed\/5Q7EH_vlDk8?feature=oembed\" frameborder=\"0\" allow=\"accelerometer; autoplay; clipboard-write; encrypted-media; gyroscope; picture-in-picture; web-share\" referrerpolicy=\"strict-origin-when-cross-origin\" allowfullscreen><\/iframe><\/p>\n<p><iframe loading=\"lazy\" title=\"La classe de 5\u00e8 A us expliquem l&#039;estalvi  energ\u00e8tic a l&#039;aula\" width=\"500\" height=\"281\" src=\"https:\/\/www.youtube.com\/embed\/4eMnRpdTyWo?feature=oembed\" frameborder=\"0\" allow=\"accelerometer; autoplay; clipboard-write; encrypted-media; gyroscope; picture-in-picture; web-share\" referrerpolicy=\"strict-origin-when-cross-origin\" allowfullscreen><\/iframe><\/p>\n<p><iframe loading=\"lazy\" title=\"L&#039;alumnat de 5\u00e8C ens dona idees per treballar l&#039;estalvi energ\u00e8tic a casa\" width=\"500\" height=\"281\" src=\"https:\/\/www.youtube.com\/embed\/3k0Z2qi5dMI?feature=oembed\" frameborder=\"0\" allow=\"accelerometer; autoplay; clipboard-write; encrypted-media; gyroscope; picture-in-picture; web-share\" referrerpolicy=\"strict-origin-when-cross-origin\" allowfullscreen><\/iframe><\/p>\n<p>Esperem que us hagin agradat i que tots els consells us hagin estat molt \u00fatils!<\/p>\n","protected":false},"excerpt":{"rendered":"<p>Benvolgudes fam\u00edlies,<br \/>\nPer tal d&#8217;explicar als seus companys i companyes de l&#8217;escola qu\u00e8 \u00e9s l&#8217;estalvi energ\u00e8tic i com es pot aconseguir, els nens i nenes de 5\u00e8 han preparat uns v\u00eddeos a trav\u00e9s dels quals ens conscienciarem i aprendrem un munt de idees i consells. En&hellip;  <a href=\"https:\/\/agora.xtec.cat\/ceip-catalunya-sabadell\/infantil\/els-alumnes-de-5e-ens-parlen-de-lestalvi-energetic\/\" title=\"Read Els alumnes de 5\u00e8 ens parlen de l&#8217;estalvi energ\u00e8tic\">Llegeix m\u00e9s\u00bb<\/a><\/p>\n","protected":false},"author":75,"featured_media":0,"comment_status":"open","ping_status":"closed","sticky":false,"template":"","format":"standard","meta":{"_bbp_topic_count":0,"_bbp_reply_count":0,"_bbp_total_topic_count":0,"_bbp_total_reply_count":0,"_bbp_voice_count":0,"_bbp_anonymous_reply_count":0,"_bbp_topic_count_hidden":0,"_bbp_reply_count_hidden":0,"_bbp_forum_subforum_count":0,"footnotes":""},"categories":[124,118,13,14,15,38,2,4,5],"tags":[],"class_list":["post-4008","post","type-post","status-publish","format-standard","hentry","category-promocio-20-29","category-promocio19-28","category-4t","category-5e","category-6e","category-sostenible","category-infantil","category-portada","category-primaria"],"post_mailing_queue_ids":[],"_links":{"self":[{"href":"https:\/\/agora.xtec.cat\/ceip-catalunya-sabadell\/wp-json\/wp\/v2\/posts\/4008","targetHints":{"allow":["GET"]}}],"collection":[{"href":"https:\/\/agora.xtec.cat\/ceip-catalunya-sabadell\/wp-json\/wp\/v2\/posts"}],"about":[{"href":"https:\/\/agora.xtec.cat\/ceip-catalunya-sabadell\/wp-json\/wp\/v2\/types\/post"}],"author":[{"embeddable":true,"href":"https:\/\/agora.xtec.cat\/ceip-catalunya-sabadell\/wp-json\/wp\/v2\/users\/75"}],"replies":[{"embeddable":true,"href":"https:\/\/agora.xtec.cat\/ceip-catalunya-sabadell\/wp-json\/wp\/v2\/comments?post=4008"}],"version-history":[{"count":3,"href":"https:\/\/agora.xtec.cat\/ceip-catalunya-sabadell\/wp-json\/wp\/v2\/posts\/4008\/revisions"}],"predecessor-version":[{"id":4063,"href":"https:\/\/agora.xtec.cat\/ceip-catalunya-sabadell\/wp-json\/wp\/v2\/posts\/4008\/revisions\/4063"}],"wp:attachment":[{"href":"https:\/\/agora.xtec.cat\/ceip-catalunya-sabadell\/wp-json\/wp\/v2\/media?parent=4008"}],"wp:term":[{"taxonomy":"category","embeddable":true,"href":"https:\/\/agora.xtec.cat\/ceip-catalunya-sabadell\/wp-json\/wp\/v2\/categories?post=4008"},{"taxonomy":"post_tag","embeddable":true,"href":"https:\/\/agora.xtec.cat\/ceip-catalunya-sabadell\/wp-json\/wp\/v2\/tags?post=4008"}],"curies":[{"name":"wp","href":"https:\/\/api.w.org\/{rel}","templated":true}]}}