{"id":4005,"date":"2021-02-17T08:48:45","date_gmt":"2021-02-17T07:48:45","guid":{"rendered":"http:\/\/agora.xtec.cat\/ceip-catalunya-sabadell\/?p=4005"},"modified":"2021-02-17T08:48:45","modified_gmt":"2021-02-17T07:48:45","slug":"setmana-de-carnestoltes-2","status":"publish","type":"post","link":"https:\/\/agora.xtec.cat\/ceip-catalunya-sabadell\/festes\/setmana-de-carnestoltes-2\/","title":{"rendered":"SETMANA DE CARNESTOLTES"},"content":{"rendered":"<p>Hola, fam\u00edlies de segon!!<\/p>\n<p>Aquesta setmana ha estat molt divertida!! Entre els pentinats, els pijames, els mitjons, la roba al rev\u00e9s i les disfresses, ens ho hem passat d\u2019all\u00f2 m\u00e9s b\u00e9!!!!<\/p>\n<p>El dijous vam descobrir racons del Bosc de Can Deu molt macos i curiosos!<\/p>\n<p>Despr\u00e9s d\u2019aquesta setmana \u00fanica, de la qual no ens volem oblidar, hem decidit fer un recull d\u2019imatges perqu\u00e8 els pares i mares tamb\u00e9 en pugueu gaudir una miqueta.<\/p>\n<p>Aix\u00ed doncs, podeu veure les algunes fotos en el seg\u00fcent enlla\u00e7:<\/p>\n<p>&nbsp;<\/p>\n<p><a href=\"https:\/\/drive.google.com\/drive\/folders\/1tOlChA8LxaJAVvb1hlUDE4Hioq3aU3oA?usp=sharing\">FOTOS CARNESTOLTES<\/a><\/p>\n","protected":false},"excerpt":{"rendered":"<p>Hola, fam\u00edlies de segon!!<br \/>\nAquesta setmana ha estat molt divertida!! Entre els pentinats, els pijames, els mitjons, la roba al rev\u00e9s i les disfresses, ens ho hem passat d\u2019all\u00f2 m\u00e9s b\u00e9!!!!<br \/>\nEl dijous vam descobrir racons del Bosc de Can Deu molt macos i curiosos!<br \/>\nDespr\u00e9s d\u2019aquesta setmana&hellip;  <a href=\"https:\/\/agora.xtec.cat\/ceip-catalunya-sabadell\/festes\/setmana-de-carnestoltes-2\/\" title=\"Read SETMANA DE CARNESTOLTES\">Llegeix m\u00e9s\u00bb<\/a><\/p>\n","protected":false},"author":3,"featured_media":0,"comment_status":"open","ping_status":"closed","sticky":false,"template":"","format":"standard","meta":{"_bbp_topic_count":0,"_bbp_reply_count":0,"_bbp_total_topic_count":0,"_bbp_total_reply_count":0,"_bbp_voice_count":0,"_bbp_anonymous_reply_count":0,"_bbp_topic_count_hidden":0,"_bbp_reply_count_hidden":0,"_bbp_forum_subforum_count":0,"footnotes":""},"categories":[36],"tags":[],"class_list":["post-4005","post","type-post","status-publish","format-standard","hentry","category-festes"],"post_mailing_queue_ids":[],"_links":{"self":[{"href":"https:\/\/agora.xtec.cat\/ceip-catalunya-sabadell\/wp-json\/wp\/v2\/posts\/4005","targetHints":{"allow":["GET"]}}],"collection":[{"href":"https:\/\/agora.xtec.cat\/ceip-catalunya-sabadell\/wp-json\/wp\/v2\/posts"}],"about":[{"href":"https:\/\/agora.xtec.cat\/ceip-catalunya-sabadell\/wp-json\/wp\/v2\/types\/post"}],"author":[{"embeddable":true,"href":"https:\/\/agora.xtec.cat\/ceip-catalunya-sabadell\/wp-json\/wp\/v2\/users\/3"}],"replies":[{"embeddable":true,"href":"https:\/\/agora.xtec.cat\/ceip-catalunya-sabadell\/wp-json\/wp\/v2\/comments?post=4005"}],"version-history":[{"count":1,"href":"https:\/\/agora.xtec.cat\/ceip-catalunya-sabadell\/wp-json\/wp\/v2\/posts\/4005\/revisions"}],"predecessor-version":[{"id":4006,"href":"https:\/\/agora.xtec.cat\/ceip-catalunya-sabadell\/wp-json\/wp\/v2\/posts\/4005\/revisions\/4006"}],"wp:attachment":[{"href":"https:\/\/agora.xtec.cat\/ceip-catalunya-sabadell\/wp-json\/wp\/v2\/media?parent=4005"}],"wp:term":[{"taxonomy":"category","embeddable":true,"href":"https:\/\/agora.xtec.cat\/ceip-catalunya-sabadell\/wp-json\/wp\/v2\/categories?post=4005"},{"taxonomy":"post_tag","embeddable":true,"href":"https:\/\/agora.xtec.cat\/ceip-catalunya-sabadell\/wp-json\/wp\/v2\/tags?post=4005"}],"curies":[{"name":"wp","href":"https:\/\/api.w.org\/{rel}","templated":true}]}}