{"id":4001,"date":"2021-02-16T16:15:32","date_gmt":"2021-02-16T15:15:32","guid":{"rendered":"http:\/\/agora.xtec.cat\/ceip-catalunya-sabadell\/?p=4001"},"modified":"2021-02-16T16:15:32","modified_gmt":"2021-02-16T15:15:32","slug":"4rt-celebrem-el-dijous-gras","status":"publish","type":"post","link":"https:\/\/agora.xtec.cat\/ceip-catalunya-sabadell\/primaria\/4t\/4rt-celebrem-el-dijous-gras\/","title":{"rendered":"4rt Celebrem el Dijous Gras"},"content":{"rendered":"<p>Malgrat la pand\u00e8mia, les restriccions, els protocols i el temps, aquest any hem pogut celebrar el Dijous Gras amb la nostra tradicional passejada pels rodals de Sabadell.<\/p>\n<p>Vam sortir de Can Puiggener agafant el Cam\u00ed Mol\u00ed de l&#8217;Amat, van creuar el riu Ripoll, ens vam apropar fins a la Torre del Canonge i vam arribar, finalment, al nostre dest\u00ed: l&#8217;ermita de la Mare de D\u00e9u de Togores.<\/p>\n<p>Pel cam\u00ed vam xerrar, vam veure cabretes, camps llaurats, atmellers en flor, la Mola en la dist\u00e0ncia, vam demanar desitjos al pi de les tres branques&#8230; Vam gaudir dels \u00e0pats, del descans, del joc i, sobretot, del bosc. Ha estat un dia inolvidable!<\/p>\n<p>Us deixem una mostra en aquest <a href=\"https:\/\/photos.app.goo.gl\/LSG6zw8EzsYin6qK9\">enlla\u00e7.<\/a><\/p>\n<p><a href=\"https:\/\/agora.xtec.cat\/ceip-catalunya-sabadell\/wp-content\/uploads\/usu823\/2021\/02\/Sabadell_-_Togores.jpg\"><img loading=\"lazy\" decoding=\"async\" class=\"alignnone wp-image-4002\" src=\"https:\/\/agora.xtec.cat\/ceip-catalunya-sabadell\/wp-content\/uploads\/usu823\/2021\/02\/Sabadell_-_Togores-1024x768.jpg\" alt=\"\" width=\"632\" height=\"474\" srcset=\"https:\/\/agora.xtec.cat\/ceip-catalunya-sabadell\/wp-content\/uploads\/usu823\/2021\/02\/Sabadell_-_Togores.jpg 1024w, https:\/\/agora.xtec.cat\/ceip-catalunya-sabadell\/wp-content\/uploads\/usu823\/2021\/02\/Sabadell_-_Togores-300x225.jpg 300w, https:\/\/agora.xtec.cat\/ceip-catalunya-sabadell\/wp-content\/uploads\/usu823\/2021\/02\/Sabadell_-_Togores-768x576.jpg 768w, https:\/\/agora.xtec.cat\/ceip-catalunya-sabadell\/wp-content\/uploads\/usu823\/2021\/02\/Sabadell_-_Togores-200x150.jpg 200w\" sizes=\"auto, (max-width: 632px) 100vw, 632px\" \/><\/a><\/p>\n","protected":false},"excerpt":{"rendered":"<p>Malgrat la pand\u00e8mia, les restriccions, els protocols i el temps, aquest any hem pogut celebrar el Dijous Gras amb la nostra tradicional passejada pels rodals de Sabadell.<br \/>\nVam sortir de Can Puiggener agafant el Cam\u00ed Mol\u00ed de l&#8217;Amat, van creuar el riu Ripoll, ens vam apropar&hellip;  <a href=\"https:\/\/agora.xtec.cat\/ceip-catalunya-sabadell\/primaria\/4t\/4rt-celebrem-el-dijous-gras\/\" title=\"Read 4rt Celebrem el Dijous Gras\">Llegeix m\u00e9s\u00bb<\/a><\/p>\n","protected":false},"author":60,"featured_media":4002,"comment_status":"open","ping_status":"closed","sticky":false,"template":"","format":"standard","meta":{"_bbp_topic_count":0,"_bbp_reply_count":0,"_bbp_total_topic_count":0,"_bbp_total_reply_count":0,"_bbp_voice_count":0,"_bbp_anonymous_reply_count":0,"_bbp_topic_count_hidden":0,"_bbp_reply_count_hidden":0,"_bbp_forum_subforum_count":0,"footnotes":""},"categories":[13,36],"tags":[],"class_list":["post-4001","post","type-post","status-publish","format-standard","has-post-thumbnail","hentry","category-4t","category-festes"],"post_mailing_queue_ids":[],"_links":{"self":[{"href":"https:\/\/agora.xtec.cat\/ceip-catalunya-sabadell\/wp-json\/wp\/v2\/posts\/4001","targetHints":{"allow":["GET"]}}],"collection":[{"href":"https:\/\/agora.xtec.cat\/ceip-catalunya-sabadell\/wp-json\/wp\/v2\/posts"}],"about":[{"href":"https:\/\/agora.xtec.cat\/ceip-catalunya-sabadell\/wp-json\/wp\/v2\/types\/post"}],"author":[{"embeddable":true,"href":"https:\/\/agora.xtec.cat\/ceip-catalunya-sabadell\/wp-json\/wp\/v2\/users\/60"}],"replies":[{"embeddable":true,"href":"https:\/\/agora.xtec.cat\/ceip-catalunya-sabadell\/wp-json\/wp\/v2\/comments?post=4001"}],"version-history":[{"count":1,"href":"https:\/\/agora.xtec.cat\/ceip-catalunya-sabadell\/wp-json\/wp\/v2\/posts\/4001\/revisions"}],"predecessor-version":[{"id":4003,"href":"https:\/\/agora.xtec.cat\/ceip-catalunya-sabadell\/wp-json\/wp\/v2\/posts\/4001\/revisions\/4003"}],"wp:featuredmedia":[{"embeddable":true,"href":"https:\/\/agora.xtec.cat\/ceip-catalunya-sabadell\/wp-json\/wp\/v2\/media\/4002"}],"wp:attachment":[{"href":"https:\/\/agora.xtec.cat\/ceip-catalunya-sabadell\/wp-json\/wp\/v2\/media?parent=4001"}],"wp:term":[{"taxonomy":"category","embeddable":true,"href":"https:\/\/agora.xtec.cat\/ceip-catalunya-sabadell\/wp-json\/wp\/v2\/categories?post=4001"},{"taxonomy":"post_tag","embeddable":true,"href":"https:\/\/agora.xtec.cat\/ceip-catalunya-sabadell\/wp-json\/wp\/v2\/tags?post=4001"}],"curies":[{"name":"wp","href":"https:\/\/api.w.org\/{rel}","templated":true}]}}