{"id":3998,"date":"2021-02-17T15:06:58","date_gmt":"2021-02-17T14:06:58","guid":{"rendered":"http:\/\/agora.xtec.cat\/ceip-catalunya-sabadell\/?p=3998"},"modified":"2021-02-17T15:06:58","modified_gmt":"2021-02-17T14:06:58","slug":"la-setmana-de-carnaval","status":"publish","type":"post","link":"https:\/\/agora.xtec.cat\/ceip-catalunya-sabadell\/primaria\/promocio19-28\/la-setmana-de-carnaval\/","title":{"rendered":"La setmana de Carnaval!"},"content":{"rendered":"<p>Benvolgudes fam\u00edlies!<\/p>\n<p>Com ja sabeu, la passada setmana va ser s\u00faper-divertida i especial, ja que vam celebrar el CARNAVAL!!! Si voleu saber quantes coses vam fer, no marxeu, continueu llegint!<\/p>\n<p>Tot va comen\u00e7ar quan, els dilluns, els Massafestes ens van enviar un v\u00eddeo amb el preg\u00f3, que vam veure tots plegats a la classe, explicant-nos com aniria la setmana i quines eren les ordres que ens havia donat el rei Carnestoltes<\/p>\n<p><iframe loading=\"lazy\" title=\"Comencem la setmana de Carnaval a l&#039;escola!\" width=\"500\" height=\"281\" src=\"https:\/\/www.youtube.com\/embed\/4puJgUQn49Q?feature=oembed\" frameborder=\"0\" allow=\"accelerometer; autoplay; clipboard-write; encrypted-media; gyroscope; picture-in-picture; web-share\" referrerpolicy=\"strict-origin-when-cross-origin\" allowfullscreen><\/iframe><\/p>\n<p>Caram qu\u00e8 n\u2019\u00e9s d\u2019entremaliat aquest senyor, m\u00e9s valia que el f\u00e9ssim cas!<\/p>\n<p>El dimarts per la tarda, despr\u00e9s de la sortida de la Rata s\u00e0via, vam decidir anar a visitar el Carnestoltes personalment, vol\u00edem saber quina cara feia&#8230;i ens vam trobar que tenia una pinta la mar de divertida, mireu!<\/p>\n<p><a href=\"https:\/\/agora.xtec.cat\/ceip-catalunya-sabadell\/wp-content\/uploads\/usu823\/2021\/02\/IMG_20210216_124344_resized_20210217_012153682.jpg\"><img loading=\"lazy\" decoding=\"async\" class=\"alignnone size-large wp-image-4012\" src=\"https:\/\/agora.xtec.cat\/ceip-catalunya-sabadell\/wp-content\/uploads\/usu823\/2021\/02\/IMG_20210216_124344_resized_20210217_012153682-1024x768.jpg\" alt=\"\" width=\"1024\" height=\"768\" srcset=\"https:\/\/agora.xtec.cat\/ceip-catalunya-sabadell\/wp-content\/uploads\/usu823\/2021\/02\/IMG_20210216_124344_resized_20210217_012153682-1024x768.jpg 1024w, https:\/\/agora.xtec.cat\/ceip-catalunya-sabadell\/wp-content\/uploads\/usu823\/2021\/02\/IMG_20210216_124344_resized_20210217_012153682-300x225.jpg 300w, https:\/\/agora.xtec.cat\/ceip-catalunya-sabadell\/wp-content\/uploads\/usu823\/2021\/02\/IMG_20210216_124344_resized_20210217_012153682-768x576.jpg 768w, https:\/\/agora.xtec.cat\/ceip-catalunya-sabadell\/wp-content\/uploads\/usu823\/2021\/02\/IMG_20210216_124344_resized_20210217_012153682-200x150.jpg 200w\" sizes=\"auto, (max-width: 1024px) 100vw, 1024px\" \/><\/a><\/p>\n<p>El dijous tampoc va ser un dia qualsevol, ja que era Dijous Gras! Per tal de tenir una jornada diferent, vam menjar els nostres esmorzars t\u00edpics d\u2019aquest dia a la pista gran de l\u2019escola, on tamb\u00e9 vam poder jugar amb pilotes i globus.<\/p>\n<p><a href=\"https:\/\/agora.xtec.cat\/ceip-catalunya-sabadell\/wp-content\/uploads\/usu823\/2021\/02\/IMG_1500.jpg\"><img loading=\"lazy\" decoding=\"async\" class=\"alignnone size-large wp-image-4013\" src=\"https:\/\/agora.xtec.cat\/ceip-catalunya-sabadell\/wp-content\/uploads\/usu823\/2021\/02\/IMG_1500-1024x768.jpg\" alt=\"\" width=\"1024\" height=\"768\" srcset=\"https:\/\/agora.xtec.cat\/ceip-catalunya-sabadell\/wp-content\/uploads\/usu823\/2021\/02\/IMG_1500-1024x768.jpg 1024w, https:\/\/agora.xtec.cat\/ceip-catalunya-sabadell\/wp-content\/uploads\/usu823\/2021\/02\/IMG_1500-300x225.jpg 300w, https:\/\/agora.xtec.cat\/ceip-catalunya-sabadell\/wp-content\/uploads\/usu823\/2021\/02\/IMG_1500-768x576.jpg 768w, https:\/\/agora.xtec.cat\/ceip-catalunya-sabadell\/wp-content\/uploads\/usu823\/2021\/02\/IMG_1500-200x150.jpg 200w, https:\/\/agora.xtec.cat\/ceip-catalunya-sabadell\/wp-content\/uploads\/usu823\/2021\/02\/IMG_1500.jpg 1632w\" sizes=\"auto, (max-width: 1024px) 100vw, 1024px\" \/><\/a><\/p>\n<p><a href=\"https:\/\/agora.xtec.cat\/ceip-catalunya-sabadell\/wp-content\/uploads\/usu823\/2021\/02\/dijousgras_tortugues.jpeg\"><img loading=\"lazy\" decoding=\"async\" class=\"alignnone size-large wp-image-4014\" src=\"https:\/\/agora.xtec.cat\/ceip-catalunya-sabadell\/wp-content\/uploads\/usu823\/2021\/02\/dijousgras_tortugues-1024x768.jpeg\" alt=\"\" width=\"1024\" height=\"768\" srcset=\"https:\/\/agora.xtec.cat\/ceip-catalunya-sabadell\/wp-content\/uploads\/usu823\/2021\/02\/dijousgras_tortugues-1024x768.jpeg 1024w, https:\/\/agora.xtec.cat\/ceip-catalunya-sabadell\/wp-content\/uploads\/usu823\/2021\/02\/dijousgras_tortugues-300x225.jpeg 300w, https:\/\/agora.xtec.cat\/ceip-catalunya-sabadell\/wp-content\/uploads\/usu823\/2021\/02\/dijousgras_tortugues-768x576.jpeg 768w, https:\/\/agora.xtec.cat\/ceip-catalunya-sabadell\/wp-content\/uploads\/usu823\/2021\/02\/dijousgras_tortugues-200x150.jpeg 200w, https:\/\/agora.xtec.cat\/ceip-catalunya-sabadell\/wp-content\/uploads\/usu823\/2021\/02\/dijousgras_tortugues.jpeg 1632w\" sizes=\"auto, (max-width: 1024px) 100vw, 1024px\" \/><\/a><\/p>\n<p><a href=\"https:\/\/agora.xtec.cat\/ceip-catalunya-sabadell\/wp-content\/uploads\/usu823\/2021\/02\/dijusgras_juganttortugues.jpeg\"><img loading=\"lazy\" decoding=\"async\" class=\"alignnone size-large wp-image-4015\" src=\"https:\/\/agora.xtec.cat\/ceip-catalunya-sabadell\/wp-content\/uploads\/usu823\/2021\/02\/dijusgras_juganttortugues-1024x768.jpeg\" alt=\"\" width=\"1024\" height=\"768\" srcset=\"https:\/\/agora.xtec.cat\/ceip-catalunya-sabadell\/wp-content\/uploads\/usu823\/2021\/02\/dijusgras_juganttortugues-1024x768.jpeg 1024w, https:\/\/agora.xtec.cat\/ceip-catalunya-sabadell\/wp-content\/uploads\/usu823\/2021\/02\/dijusgras_juganttortugues-300x225.jpeg 300w, https:\/\/agora.xtec.cat\/ceip-catalunya-sabadell\/wp-content\/uploads\/usu823\/2021\/02\/dijusgras_juganttortugues-768x576.jpeg 768w, https:\/\/agora.xtec.cat\/ceip-catalunya-sabadell\/wp-content\/uploads\/usu823\/2021\/02\/dijusgras_juganttortugues-200x150.jpeg 200w, https:\/\/agora.xtec.cat\/ceip-catalunya-sabadell\/wp-content\/uploads\/usu823\/2021\/02\/dijusgras_juganttortugues.jpeg 1632w\" sizes=\"auto, (max-width: 1024px) 100vw, 1024px\" \/><\/a><\/p>\n<p><a href=\"https:\/\/agora.xtec.cat\/ceip-catalunya-sabadell\/wp-content\/uploads\/usu823\/2021\/02\/IMG_1523-1.jpg\"><img loading=\"lazy\" decoding=\"async\" class=\"alignnone size-large wp-image-4016\" src=\"https:\/\/agora.xtec.cat\/ceip-catalunya-sabadell\/wp-content\/uploads\/usu823\/2021\/02\/IMG_1523-1-1024x768.jpg\" alt=\"\" width=\"1024\" height=\"768\" srcset=\"https:\/\/agora.xtec.cat\/ceip-catalunya-sabadell\/wp-content\/uploads\/usu823\/2021\/02\/IMG_1523-1-1024x768.jpg 1024w, https:\/\/agora.xtec.cat\/ceip-catalunya-sabadell\/wp-content\/uploads\/usu823\/2021\/02\/IMG_1523-1-300x225.jpg 300w, https:\/\/agora.xtec.cat\/ceip-catalunya-sabadell\/wp-content\/uploads\/usu823\/2021\/02\/IMG_1523-1-768x576.jpg 768w, https:\/\/agora.xtec.cat\/ceip-catalunya-sabadell\/wp-content\/uploads\/usu823\/2021\/02\/IMG_1523-1-200x150.jpg 200w, https:\/\/agora.xtec.cat\/ceip-catalunya-sabadell\/wp-content\/uploads\/usu823\/2021\/02\/IMG_1523-1.jpg 1632w\" sizes=\"auto, (max-width: 1024px) 100vw, 1024px\" \/><\/a><\/p>\n<p>I per fi va arribar el divendres, el dia m\u00e9s esperat! El primer que vam fer al arribar a l\u2019escola amb les nostres s\u00faper-disfresses va ser una sessi\u00f3 de fotos per tenir-les de record. M\u00e9s tard vam sortit al pati perqu\u00e8 ens esperaven els Massafestes acompanyats del senyor Carnestoltes per donar-nos el testament; havia arribat el moment d\u2019ensenyar als altres nens i nenes d\u2019infantil la nostra disfressa, aix\u00ed que van comen\u00e7ar els balls i les desfilades amb diversi\u00f3 assegurada!<\/p>\n<p><a href=\"https:\/\/agora.xtec.cat\/ceip-catalunya-sabadell\/wp-content\/uploads\/usu823\/2021\/02\/P4-A.jpg\"><img loading=\"lazy\" decoding=\"async\" class=\"alignnone size-large wp-image-4020\" src=\"https:\/\/agora.xtec.cat\/ceip-catalunya-sabadell\/wp-content\/uploads\/usu823\/2021\/02\/P4-A-1024x768.jpg\" alt=\"\" width=\"1024\" height=\"768\" srcset=\"https:\/\/agora.xtec.cat\/ceip-catalunya-sabadell\/wp-content\/uploads\/usu823\/2021\/02\/P4-A-1024x768.jpg 1024w, https:\/\/agora.xtec.cat\/ceip-catalunya-sabadell\/wp-content\/uploads\/usu823\/2021\/02\/P4-A-300x225.jpg 300w, https:\/\/agora.xtec.cat\/ceip-catalunya-sabadell\/wp-content\/uploads\/usu823\/2021\/02\/P4-A-768x576.jpg 768w, https:\/\/agora.xtec.cat\/ceip-catalunya-sabadell\/wp-content\/uploads\/usu823\/2021\/02\/P4-A-200x150.jpg 200w, https:\/\/agora.xtec.cat\/ceip-catalunya-sabadell\/wp-content\/uploads\/usu823\/2021\/02\/P4-A.jpg 1632w\" sizes=\"auto, (max-width: 1024px) 100vw, 1024px\" \/><\/a><\/p>\n<p><a href=\"https:\/\/agora.xtec.cat\/ceip-catalunya-sabadell\/wp-content\/uploads\/usu823\/2021\/02\/P4B.jpg\"><img loading=\"lazy\" decoding=\"async\" class=\"alignnone size-large wp-image-4021\" src=\"https:\/\/agora.xtec.cat\/ceip-catalunya-sabadell\/wp-content\/uploads\/usu823\/2021\/02\/P4B-1024x498.jpg\" alt=\"\" width=\"1024\" height=\"498\" srcset=\"https:\/\/agora.xtec.cat\/ceip-catalunya-sabadell\/wp-content\/uploads\/usu823\/2021\/02\/P4B-1024x498.jpg 1024w, https:\/\/agora.xtec.cat\/ceip-catalunya-sabadell\/wp-content\/uploads\/usu823\/2021\/02\/P4B-300x146.jpg 300w, https:\/\/agora.xtec.cat\/ceip-catalunya-sabadell\/wp-content\/uploads\/usu823\/2021\/02\/P4B-768x373.jpg 768w, https:\/\/agora.xtec.cat\/ceip-catalunya-sabadell\/wp-content\/uploads\/usu823\/2021\/02\/P4B.jpg 2016w\" sizes=\"auto, (max-width: 1024px) 100vw, 1024px\" \/><\/a><\/p>\n<p><a href=\"https:\/\/agora.xtec.cat\/ceip-catalunya-sabadell\/wp-content\/uploads\/usu823\/2021\/02\/p4b.png\"><img loading=\"lazy\" decoding=\"async\" class=\"alignnone wp-image-4018\" src=\"https:\/\/agora.xtec.cat\/ceip-catalunya-sabadell\/wp-content\/uploads\/usu823\/2021\/02\/p4b.png\" alt=\"\" width=\"592\" height=\"419\" srcset=\"https:\/\/agora.xtec.cat\/ceip-catalunya-sabadell\/wp-content\/uploads\/usu823\/2021\/02\/p4b.png 432w, https:\/\/agora.xtec.cat\/ceip-catalunya-sabadell\/wp-content\/uploads\/usu823\/2021\/02\/p4b-300x213.png 300w\" sizes=\"auto, (max-width: 592px) 100vw, 592px\" \/><\/a><\/p>\n<p><a href=\"https:\/\/agora.xtec.cat\/ceip-catalunya-sabadell\/wp-content\/uploads\/usu823\/2021\/02\/p4A.png\"><img loading=\"lazy\" decoding=\"async\" class=\"alignnone size-full wp-image-4019\" src=\"https:\/\/agora.xtec.cat\/ceip-catalunya-sabadell\/wp-content\/uploads\/usu823\/2021\/02\/p4A.png\" alt=\"\" width=\"775\" height=\"392\" srcset=\"https:\/\/agora.xtec.cat\/ceip-catalunya-sabadell\/wp-content\/uploads\/usu823\/2021\/02\/p4A.png 775w, https:\/\/agora.xtec.cat\/ceip-catalunya-sabadell\/wp-content\/uploads\/usu823\/2021\/02\/p4A-300x152.png 300w, https:\/\/agora.xtec.cat\/ceip-catalunya-sabadell\/wp-content\/uploads\/usu823\/2021\/02\/p4A-768x388.png 768w\" sizes=\"auto, (max-width: 775px) 100vw, 775px\" \/><\/a><\/p>\n<p>Despr\u00e9s d\u2019una setmana en qu\u00e8 l\u2019escola semblava un altra, toca tornar a la normalitat, per\u00f2 no sense dir ben alt: Visca la festa del Carnaval, t\u2019esperem el pr\u00f2xim any rei Carnestoltes!<\/p>\n","protected":false},"excerpt":{"rendered":"<p>Benvolgudes fam\u00edlies!<br \/>\nCom ja sabeu, la passada setmana va ser s\u00faper-divertida i especial, ja que vam celebrar el CARNAVAL!!! Si voleu saber quantes coses vam fer, no marxeu, continueu llegint!<br \/>\nTot va comen\u00e7ar quan, els dilluns, els Massafestes ens van enviar un v\u00eddeo amb el preg\u00f3, que&hellip;  <a href=\"https:\/\/agora.xtec.cat\/ceip-catalunya-sabadell\/primaria\/promocio19-28\/la-setmana-de-carnaval\/\" title=\"Read La setmana de Carnaval!\">Llegeix m\u00e9s\u00bb<\/a><\/p>\n","protected":false},"author":75,"featured_media":0,"comment_status":"open","ping_status":"closed","sticky":false,"template":"","format":"standard","meta":{"_bbp_topic_count":0,"_bbp_reply_count":0,"_bbp_total_topic_count":0,"_bbp_total_reply_count":0,"_bbp_voice_count":0,"_bbp_anonymous_reply_count":0,"_bbp_topic_count_hidden":0,"_bbp_reply_count_hidden":0,"_bbp_forum_subforum_count":0,"footnotes":""},"categories":[118],"tags":[],"class_list":["post-3998","post","type-post","status-publish","format-standard","hentry","category-promocio19-28"],"post_mailing_queue_ids":[],"_links":{"self":[{"href":"https:\/\/agora.xtec.cat\/ceip-catalunya-sabadell\/wp-json\/wp\/v2\/posts\/3998","targetHints":{"allow":["GET"]}}],"collection":[{"href":"https:\/\/agora.xtec.cat\/ceip-catalunya-sabadell\/wp-json\/wp\/v2\/posts"}],"about":[{"href":"https:\/\/agora.xtec.cat\/ceip-catalunya-sabadell\/wp-json\/wp\/v2\/types\/post"}],"author":[{"embeddable":true,"href":"https:\/\/agora.xtec.cat\/ceip-catalunya-sabadell\/wp-json\/wp\/v2\/users\/75"}],"replies":[{"embeddable":true,"href":"https:\/\/agora.xtec.cat\/ceip-catalunya-sabadell\/wp-json\/wp\/v2\/comments?post=3998"}],"version-history":[{"count":3,"href":"https:\/\/agora.xtec.cat\/ceip-catalunya-sabadell\/wp-json\/wp\/v2\/posts\/3998\/revisions"}],"predecessor-version":[{"id":4023,"href":"https:\/\/agora.xtec.cat\/ceip-catalunya-sabadell\/wp-json\/wp\/v2\/posts\/3998\/revisions\/4023"}],"wp:attachment":[{"href":"https:\/\/agora.xtec.cat\/ceip-catalunya-sabadell\/wp-json\/wp\/v2\/media?parent=3998"}],"wp:term":[{"taxonomy":"category","embeddable":true,"href":"https:\/\/agora.xtec.cat\/ceip-catalunya-sabadell\/wp-json\/wp\/v2\/categories?post=3998"},{"taxonomy":"post_tag","embeddable":true,"href":"https:\/\/agora.xtec.cat\/ceip-catalunya-sabadell\/wp-json\/wp\/v2\/tags?post=3998"}],"curies":[{"name":"wp","href":"https:\/\/api.w.org\/{rel}","templated":true}]}}