{"id":3995,"date":"2021-02-15T09:45:59","date_gmt":"2021-02-15T08:45:59","guid":{"rendered":"http:\/\/agora.xtec.cat\/ceip-catalunya-sabadell\/?p=3995"},"modified":"2021-02-15T09:45:59","modified_gmt":"2021-02-15T08:45:59","slug":"setmana-de-carnestoltes","status":"publish","type":"post","link":"https:\/\/agora.xtec.cat\/ceip-catalunya-sabadell\/festes\/setmana-de-carnestoltes\/","title":{"rendered":"Setmana de CARNESTOLTES!"},"content":{"rendered":"<p>Hola,\u00a0fam\u00edlies de primer!!<\/p>\n<p>Aquesta setmana ha estat molt divertida!! Entre els pentinats, els pijames, els mitjons, la roba al rev\u00e9s i les disfresses, ens ho hem passat d&#8217;all\u00f2 m\u00e9s b\u00e9!!!!<\/p>\n<p>El dijous vam descobrir racons del Bosc de Can Deu molt macos i curiosos!<\/p>\n<p>Despr\u00e9s d&#8217;aquesta setmana \u00fanica, de la qual no ens volem oblidar, hem decidit fer un recull d&#8217;imatges perqu\u00e8 els pares i mares tamb\u00e9 en pugueu gaudir una miqueta.<\/p>\n<p>Aix\u00ed doncs, podeu veure les algunes fotos en el seg\u00fcent enlla\u00e7:<\/p>\n<p>&nbsp;<\/p>\n<p><a href=\"https:\/\/drive.google.com\/drive\/folders\/15bbxuTr5j0h0czF3oN5w_nK7_KNCOvTr?usp=sharing\">FOTOS CARNESTOLTES<\/a><\/p>\n<p>&nbsp;<\/p>\n","protected":false},"excerpt":{"rendered":"<p>Hola,\u00a0fam\u00edlies de primer!!<br \/>\nAquesta setmana ha estat molt divertida!! Entre els pentinats, els pijames, els mitjons, la roba al rev\u00e9s i les disfresses, ens ho hem passat d&#8217;all\u00f2 m\u00e9s b\u00e9!!!!<br \/>\nEl dijous vam descobrir racons del Bosc de Can Deu molt macos i curiosos!<br \/>\nDespr\u00e9s d&#8217;aquesta setmana \u00fanica,&hellip;  <a href=\"https:\/\/agora.xtec.cat\/ceip-catalunya-sabadell\/festes\/setmana-de-carnestoltes\/\" title=\"Read Setmana de CARNESTOLTES!\">Llegeix m\u00e9s\u00bb<\/a><\/p>\n","protected":false},"author":3,"featured_media":0,"comment_status":"open","ping_status":"closed","sticky":false,"template":"","format":"standard","meta":{"_bbp_topic_count":0,"_bbp_reply_count":0,"_bbp_total_topic_count":0,"_bbp_total_reply_count":0,"_bbp_voice_count":0,"_bbp_anonymous_reply_count":0,"_bbp_topic_count_hidden":0,"_bbp_reply_count_hidden":0,"_bbp_forum_subforum_count":0,"footnotes":""},"categories":[36],"tags":[],"class_list":["post-3995","post","type-post","status-publish","format-standard","hentry","category-festes"],"post_mailing_queue_ids":[],"_links":{"self":[{"href":"https:\/\/agora.xtec.cat\/ceip-catalunya-sabadell\/wp-json\/wp\/v2\/posts\/3995","targetHints":{"allow":["GET"]}}],"collection":[{"href":"https:\/\/agora.xtec.cat\/ceip-catalunya-sabadell\/wp-json\/wp\/v2\/posts"}],"about":[{"href":"https:\/\/agora.xtec.cat\/ceip-catalunya-sabadell\/wp-json\/wp\/v2\/types\/post"}],"author":[{"embeddable":true,"href":"https:\/\/agora.xtec.cat\/ceip-catalunya-sabadell\/wp-json\/wp\/v2\/users\/3"}],"replies":[{"embeddable":true,"href":"https:\/\/agora.xtec.cat\/ceip-catalunya-sabadell\/wp-json\/wp\/v2\/comments?post=3995"}],"version-history":[{"count":1,"href":"https:\/\/agora.xtec.cat\/ceip-catalunya-sabadell\/wp-json\/wp\/v2\/posts\/3995\/revisions"}],"predecessor-version":[{"id":3997,"href":"https:\/\/agora.xtec.cat\/ceip-catalunya-sabadell\/wp-json\/wp\/v2\/posts\/3995\/revisions\/3997"}],"wp:attachment":[{"href":"https:\/\/agora.xtec.cat\/ceip-catalunya-sabadell\/wp-json\/wp\/v2\/media?parent=3995"}],"wp:term":[{"taxonomy":"category","embeddable":true,"href":"https:\/\/agora.xtec.cat\/ceip-catalunya-sabadell\/wp-json\/wp\/v2\/categories?post=3995"},{"taxonomy":"post_tag","embeddable":true,"href":"https:\/\/agora.xtec.cat\/ceip-catalunya-sabadell\/wp-json\/wp\/v2\/tags?post=3995"}],"curies":[{"name":"wp","href":"https:\/\/api.w.org\/{rel}","templated":true}]}}