{"id":3982,"date":"2021-02-11T18:14:51","date_gmt":"2021-02-11T17:14:51","guid":{"rendered":"http:\/\/agora.xtec.cat\/ceip-catalunya-sabadell\/?p=3982"},"modified":"2021-02-11T18:14:51","modified_gmt":"2021-02-11T17:14:51","slug":"excursio-togores-3r-de-primaria","status":"publish","type":"post","link":"https:\/\/agora.xtec.cat\/ceip-catalunya-sabadell\/general\/excursio-togores-3r-de-primaria\/","title":{"rendered":"Excursi\u00f3 Togores 3r de prim\u00e0ria"},"content":{"rendered":"<p>Els alumnes de 3r van celebrar el dijous gras anant d&#8217;excursi\u00f3 a l&#8217;ermita de Togores. Van descobrir formes de relleu que hem treballat a medi i algunes plantes i camins curiosos.<\/p>\n<p>Podeu veure les algunes fotos en el seg\u00fcent link:<\/p>\n<p><a href=\"https:\/\/drive.google.com\/drive\/folders\/1thFWjz9lWbNCZbqLFyv7-Y14pVV13-ni?usp=sharing\">Sortida Togores<\/a><\/p>\n","protected":false},"excerpt":{"rendered":"<p>Els alumnes de 3r van celebrar el dijous gras anant d&#8217;excursi\u00f3 a l&#8217;ermita de Togores. Van descobrir formes de relleu que hem treballat a medi i algunes plantes i camins curiosos.<br \/>\nPodeu veure les algunes fotos en el seg\u00fcent link:<br \/>\n<a href=\"https:\/\/drive.google.com\/drive\/folders\/1thFWjz9lWbNCZbqLFyv7-Y14pVV13-ni?usp=sharing\">Sortida Togores<\/a><\/p>\n","protected":false},"author":3,"featured_media":0,"comment_status":"open","ping_status":"closed","sticky":false,"template":"","format":"standard","meta":{"_bbp_topic_count":0,"_bbp_reply_count":0,"_bbp_total_topic_count":0,"_bbp_total_reply_count":0,"_bbp_voice_count":0,"_bbp_anonymous_reply_count":0,"_bbp_topic_count_hidden":0,"_bbp_reply_count_hidden":0,"_bbp_forum_subforum_count":0,"footnotes":""},"categories":[36,1],"tags":[],"class_list":["post-3982","post","type-post","status-publish","format-standard","hentry","category-festes","category-general"],"post_mailing_queue_ids":[],"_links":{"self":[{"href":"https:\/\/agora.xtec.cat\/ceip-catalunya-sabadell\/wp-json\/wp\/v2\/posts\/3982","targetHints":{"allow":["GET"]}}],"collection":[{"href":"https:\/\/agora.xtec.cat\/ceip-catalunya-sabadell\/wp-json\/wp\/v2\/posts"}],"about":[{"href":"https:\/\/agora.xtec.cat\/ceip-catalunya-sabadell\/wp-json\/wp\/v2\/types\/post"}],"author":[{"embeddable":true,"href":"https:\/\/agora.xtec.cat\/ceip-catalunya-sabadell\/wp-json\/wp\/v2\/users\/3"}],"replies":[{"embeddable":true,"href":"https:\/\/agora.xtec.cat\/ceip-catalunya-sabadell\/wp-json\/wp\/v2\/comments?post=3982"}],"version-history":[{"count":3,"href":"https:\/\/agora.xtec.cat\/ceip-catalunya-sabadell\/wp-json\/wp\/v2\/posts\/3982\/revisions"}],"predecessor-version":[{"id":3985,"href":"https:\/\/agora.xtec.cat\/ceip-catalunya-sabadell\/wp-json\/wp\/v2\/posts\/3982\/revisions\/3985"}],"wp:attachment":[{"href":"https:\/\/agora.xtec.cat\/ceip-catalunya-sabadell\/wp-json\/wp\/v2\/media?parent=3982"}],"wp:term":[{"taxonomy":"category","embeddable":true,"href":"https:\/\/agora.xtec.cat\/ceip-catalunya-sabadell\/wp-json\/wp\/v2\/categories?post=3982"},{"taxonomy":"post_tag","embeddable":true,"href":"https:\/\/agora.xtec.cat\/ceip-catalunya-sabadell\/wp-json\/wp\/v2\/tags?post=3982"}],"curies":[{"name":"wp","href":"https:\/\/api.w.org\/{rel}","templated":true}]}}