{"id":3952,"date":"2021-02-11T15:54:48","date_gmt":"2021-02-11T14:54:48","guid":{"rendered":"http:\/\/agora.xtec.cat\/ceip-catalunya-sabadell\/?p=3952"},"modified":"2021-02-11T15:55:01","modified_gmt":"2021-02-11T14:55:01","slug":"els-racons-matematics-i-de-lectoescriptura","status":"publish","type":"post","link":"https:\/\/agora.xtec.cat\/ceip-catalunya-sabadell\/general\/els-racons-matematics-i-de-lectoescriptura\/","title":{"rendered":"Els racons matem\u00e0tics i de lectoescriptura"},"content":{"rendered":"<p><span style=\"font-family: inherit; font-size: 1em;\">Benvolgudes fam\u00edlies!<\/span><\/p>\n<p>Fa temps que els ping\u00fcins i les tortugues hem comen\u00e7at una nova din\u00e0mica aprenentatge a la classe: els racons matem\u00e0tics i els racons de lecto-escriptura. Tenim moltes ganes de compartir-la amb vosaltres, aix\u00ed que&#8230;.estigueu ben atents!<\/p>\n<p>Com podreu veure a continuaci\u00f3, en aquestes propostes els nens i nenes van practicant i consolidant els aprenentatges de manera manipulativa alhora que\u00a0 fan activitats divertides i juguen.<\/p>\n<p>&nbsp;<\/p>\n<p><a href=\"https:\/\/agora.xtec.cat\/ceip-catalunya-sabadell\/wp-content\/uploads\/usu823\/2021\/02\/general.jpg\"><img loading=\"lazy\" decoding=\"async\" class=\"alignnone size-large wp-image-3966\" src=\"https:\/\/agora.xtec.cat\/ceip-catalunya-sabadell\/wp-content\/uploads\/usu823\/2021\/02\/general-1024x768.jpg\" alt=\"\" width=\"1024\" height=\"768\" srcset=\"https:\/\/agora.xtec.cat\/ceip-catalunya-sabadell\/wp-content\/uploads\/usu823\/2021\/02\/general-1024x768.jpg 1024w, https:\/\/agora.xtec.cat\/ceip-catalunya-sabadell\/wp-content\/uploads\/usu823\/2021\/02\/general-300x225.jpg 300w, https:\/\/agora.xtec.cat\/ceip-catalunya-sabadell\/wp-content\/uploads\/usu823\/2021\/02\/general-768x576.jpg 768w, https:\/\/agora.xtec.cat\/ceip-catalunya-sabadell\/wp-content\/uploads\/usu823\/2021\/02\/general-200x150.jpg 200w, https:\/\/agora.xtec.cat\/ceip-catalunya-sabadell\/wp-content\/uploads\/usu823\/2021\/02\/general.jpg 1280w\" sizes=\"auto, (max-width: 1024px) 100vw, 1024px\" \/><\/a><\/p>\n<p>&nbsp;<\/p>\n<p>En aquesta nova mec\u00e0nica de treballar, els alumnes es troben amb un joc diferent (fet amb materials reciclats o creat per nosaltres) en cadascuna de les taules per les que van rotant. D&#8217;aquesta manera aconseguim fomentar la seva autonomia a l\u2019hora de gestionar les tasques.<\/p>\n<p>Durant els racons matem\u00e0tics, els infants van aplicant les habilitats i coneixements adquirits posant a prova les seves capacitats de raonament l\u00f2gic, orientaci\u00f3 espacial i numeraci\u00f3.<\/p>\n<p><img loading=\"lazy\" decoding=\"async\" class=\"size-large wp-image-3965 aligncenter\" style=\"width: 536px;\" src=\"https:\/\/agora.xtec.cat\/ceip-catalunya-sabadell\/wp-content\/uploads\/usu823\/2021\/02\/mates2-1024x768.jpg\" alt=\"\" width=\"1024\" height=\"374\" \/><a href=\"https:\/\/agora.xtec.cat\/ceip-catalunya-sabadell\/wp-content\/uploads\/usu823\/2021\/02\/mates-4.jpg\">\u00a0\u00a0\u00a0\u00a0\u00a0<\/a><a href=\"https:\/\/agora.xtec.cat\/ceip-catalunya-sabadell\/wp-content\/uploads\/usu823\/2021\/02\/mates-3.jpg\"><img loading=\"lazy\" decoding=\"async\" class=\"size-large wp-image-3969 aligncenter\" style=\"width: 364px;\" src=\"https:\/\/agora.xtec.cat\/ceip-catalunya-sabadell\/wp-content\/uploads\/usu823\/2021\/02\/mates-3-1024x768.jpg\" alt=\"\" width=\"1024\" height=\"140\" \/><\/a><\/p>\n<p><a href=\"https:\/\/agora.xtec.cat\/ceip-catalunya-sabadell\/wp-content\/uploads\/usu823\/2021\/02\/mates-4.jpg\"><img loading=\"lazy\" decoding=\"async\" class=\"size-large wp-image-3970 aligncenter\" style=\"width: 557px;\" src=\"https:\/\/agora.xtec.cat\/ceip-catalunya-sabadell\/wp-content\/uploads\/usu823\/2021\/02\/mates-4-1024x768.jpg\" alt=\"\" width=\"1024\" height=\"413\" \/><\/a><\/p>\n<p><!-- x-tinymce\/html --><!-- x-tinymce\/html --><a href=\"https:\/\/agora.xtec.cat\/ceip-catalunya-sabadell\/wp-content\/uploads\/usu823\/2021\/02\/mates.jpg\"><img loading=\"lazy\" decoding=\"async\" class=\"size-large wp-image-3964 aligncenter\" style=\"width: 409px;\" src=\"https:\/\/agora.xtec.cat\/ceip-catalunya-sabadell\/wp-content\/uploads\/usu823\/2021\/02\/mates-768x1024.jpg\" alt=\"\" width=\"768\" height=\"542\" \/><\/a><a href=\"https:\/\/agora.xtec.cat\/ceip-catalunya-sabadell\/wp-content\/uploads\/usu823\/2021\/02\/mates-2.jpg\"><br \/>\n<\/a><\/p>\n<p>Quan fem els racons de lecto-escriptura,\u00a0 els ping\u00fcins i les tortugues treballem el vocabulari, la consci\u00e8ncia fonol\u00f2gica i l&#8217;escriptura de paraules o s\u00edl\u00b7labes.<\/p>\n<p><a href=\"https:\/\/agora.xtec.cat\/ceip-catalunya-sabadell\/wp-content\/uploads\/usu823\/2021\/02\/escrip.jpg\"><img loading=\"lazy\" decoding=\"async\" class=\"size-large wp-image-3963 aligncenter\" style=\"width: 509px;\" src=\"https:\/\/agora.xtec.cat\/ceip-catalunya-sabadell\/wp-content\/uploads\/usu823\/2021\/02\/escrip-768x1024.jpg\" alt=\"\" width=\"768\" height=\"451\" \/><!-- x-tinymce\/html --> \u00a0 \u00a0 \u00a0 \u00a0 \u00a0 \u00a0 \u00a0 \u00a0 <!-- x-tinymce\/html --><\/a><a href=\"https:\/\/agora.xtec.cat\/ceip-catalunya-sabadell\/wp-content\/uploads\/usu823\/2021\/02\/llengua3.jpg\"><img loading=\"lazy\" decoding=\"async\" class=\"size-large wp-image-3976 aligncenter\" style=\"width: 352px;\" src=\"https:\/\/agora.xtec.cat\/ceip-catalunya-sabadell\/wp-content\/uploads\/usu823\/2021\/02\/llengua3-768x1024.jpg\" alt=\"\" width=\"768\" height=\"459\" \/><\/a><\/p>\n<p><a href=\"https:\/\/agora.xtec.cat\/ceip-catalunya-sabadell\/wp-content\/uploads\/usu823\/2021\/02\/llengua.jpg\"><img loading=\"lazy\" decoding=\"async\" class=\"size-large wp-image-3967 aligncenter\" style=\"width: 346px;\" src=\"https:\/\/agora.xtec.cat\/ceip-catalunya-sabadell\/wp-content\/uploads\/usu823\/2021\/02\/llengua-768x1024.jpg\" alt=\"\" width=\"768\" height=\"379\" \/><\/a><\/p>\n<p><!-- x-tinymce\/html --><!-- x-tinymce\/html --><a href=\"https:\/\/agora.xtec.cat\/ceip-catalunya-sabadell\/wp-content\/uploads\/usu823\/2021\/02\/mates-2.jpg\"><img loading=\"lazy\" decoding=\"async\" class=\"size-large wp-image-3968 aligncenter\" style=\"width: 623px;\" src=\"https:\/\/agora.xtec.cat\/ceip-catalunya-sabadell\/wp-content\/uploads\/usu823\/2021\/02\/mates-2-1024x768.jpg\" alt=\"\" width=\"1024\" height=\"455\" \/><\/a><\/p>\n<p>Com heu pogut observar, durant aquestes sessions ens ho passem d\u2019all\u00f2 m\u00e9s b\u00e9, estem la mar de motivats i amb ganes de jugar i aprendre. Esperem que us hagi agradat aquest petit tastet que us hem fet!<\/p>\n<p>&nbsp;<\/p>\n<p>Fins a la pr\u00f2xima!<\/p>\n","protected":false},"excerpt":{"rendered":"<p>Benvolgudes fam\u00edlies!<br \/>\nFa temps que els ping\u00fcins i les tortugues hem comen\u00e7at una nova din\u00e0mica aprenentatge a la classe: els racons matem\u00e0tics i els racons de lecto-escriptura. Tenim moltes ganes de compartir-la amb vosaltres, aix\u00ed que&#8230;.estigueu ben atents!<br \/>\nCom podreu veure a continuaci\u00f3, en aquestes propostes els&hellip;  <a href=\"https:\/\/agora.xtec.cat\/ceip-catalunya-sabadell\/general\/els-racons-matematics-i-de-lectoescriptura\/\" title=\"Read Els racons matem\u00e0tics i de lectoescriptura\">Llegeix m\u00e9s\u00bb<\/a><\/p>\n","protected":false},"author":75,"featured_media":3969,"comment_status":"open","ping_status":"closed","sticky":false,"template":"","format":"standard","meta":{"_bbp_topic_count":0,"_bbp_reply_count":0,"_bbp_total_topic_count":0,"_bbp_total_reply_count":0,"_bbp_voice_count":0,"_bbp_anonymous_reply_count":0,"_bbp_topic_count_hidden":0,"_bbp_reply_count_hidden":0,"_bbp_forum_subforum_count":0,"footnotes":""},"categories":[118,1],"tags":[],"class_list":["post-3952","post","type-post","status-publish","format-standard","has-post-thumbnail","hentry","category-promocio19-28","category-general"],"post_mailing_queue_ids":[],"_links":{"self":[{"href":"https:\/\/agora.xtec.cat\/ceip-catalunya-sabadell\/wp-json\/wp\/v2\/posts\/3952","targetHints":{"allow":["GET"]}}],"collection":[{"href":"https:\/\/agora.xtec.cat\/ceip-catalunya-sabadell\/wp-json\/wp\/v2\/posts"}],"about":[{"href":"https:\/\/agora.xtec.cat\/ceip-catalunya-sabadell\/wp-json\/wp\/v2\/types\/post"}],"author":[{"embeddable":true,"href":"https:\/\/agora.xtec.cat\/ceip-catalunya-sabadell\/wp-json\/wp\/v2\/users\/75"}],"replies":[{"embeddable":true,"href":"https:\/\/agora.xtec.cat\/ceip-catalunya-sabadell\/wp-json\/wp\/v2\/comments?post=3952"}],"version-history":[{"count":3,"href":"https:\/\/agora.xtec.cat\/ceip-catalunya-sabadell\/wp-json\/wp\/v2\/posts\/3952\/revisions"}],"predecessor-version":[{"id":3981,"href":"https:\/\/agora.xtec.cat\/ceip-catalunya-sabadell\/wp-json\/wp\/v2\/posts\/3952\/revisions\/3981"}],"wp:featuredmedia":[{"embeddable":true,"href":"https:\/\/agora.xtec.cat\/ceip-catalunya-sabadell\/wp-json\/wp\/v2\/media\/3969"}],"wp:attachment":[{"href":"https:\/\/agora.xtec.cat\/ceip-catalunya-sabadell\/wp-json\/wp\/v2\/media?parent=3952"}],"wp:term":[{"taxonomy":"category","embeddable":true,"href":"https:\/\/agora.xtec.cat\/ceip-catalunya-sabadell\/wp-json\/wp\/v2\/categories?post=3952"},{"taxonomy":"post_tag","embeddable":true,"href":"https:\/\/agora.xtec.cat\/ceip-catalunya-sabadell\/wp-json\/wp\/v2\/tags?post=3952"}],"curies":[{"name":"wp","href":"https:\/\/api.w.org\/{rel}","templated":true}]}}