{"id":395,"date":"2016-03-29T19:04:33","date_gmt":"2016-03-29T18:04:33","guid":{"rendered":"http:\/\/agora.xtec.cat\/ceip-catalunya-sabadell\/?p=395"},"modified":"2016-04-08T15:46:02","modified_gmt":"2016-04-08T14:46:02","slug":"santa-cecilia-2015","status":"publish","type":"post","link":"https:\/\/agora.xtec.cat\/ceip-catalunya-sabadell\/musica\/santa-cecilia-2015\/","title":{"rendered":"SANTA CEC\u00cdLIA"},"content":{"rendered":"<p>El projecte de Santa Cec\u00edlia recull tota una s\u00e8rie d&#8217;activitats relacionades amb el m\u00f3n de la m\u00fasica.<\/p>\n<p>Tots els grups de Prim\u00e0ria han preparat les\u00a0 can\u00e7ons\u00a0 per interpretar-les\u00a0 al Centre C\u00edvic de Can Rull.<\/p>\n<p>Tamb\u00e9 els nois i noies, que toquen algun instrument, ens han ofert una petita mostra de les seves habilitats.<\/p>\n<p>A continuaci\u00f3 us mostrem els v\u00eddeos:<\/p>\n<p><iframe loading=\"lazy\" src=\"https:\/\/www.youtube.com\/embed\/Lt_bvuaEUQU\" width=\"420\" height=\"315\" frameborder=\"0\" allowfullscreen=\"allowfullscreen\"><\/iframe><\/p>\n<p><iframe loading=\"lazy\" src=\"https:\/\/www.youtube.com\/embed\/dvkmQ2dHfvE\" width=\"420\" height=\"315\" frameborder=\"0\" allowfullscreen=\"allowfullscreen\"><\/iframe><\/p>\n<p><iframe loading=\"lazy\" src=\"https:\/\/www.youtube.com\/embed\/SIc7bRBBPk8\" width=\"420\" height=\"315\" frameborder=\"0\" allowfullscreen=\"allowfullscreen\"><\/iframe><\/p>\n<p><iframe loading=\"lazy\" src=\"https:\/\/www.youtube.com\/embed\/yesZOGQnZEU\" width=\"420\" height=\"315\" frameborder=\"0\" allowfullscreen=\"allowfullscreen\"><\/iframe><\/p>\n<p>&nbsp;<\/p>\n","protected":false},"excerpt":{"rendered":"<p>El projecte de Santa Cec\u00edlia recull tota una s\u00e8rie d&#8217;activitats relacionades amb el m\u00f3n de la m\u00fasica.<br \/>\nTots els grups de Prim\u00e0ria han preparat les\u00a0 can\u00e7ons\u00a0 per interpretar-les\u00a0 al Centre C\u00edvic de Can Rull.<br \/>\nTamb\u00e9 els nois i noies, que toquen algun instrument, ens han ofert una&hellip;  <a href=\"https:\/\/agora.xtec.cat\/ceip-catalunya-sabadell\/musica\/santa-cecilia-2015\/\" title=\"Read SANTA CEC\u00cdLIA\">Llegeix m\u00e9s\u00bb<\/a><\/p>\n","protected":false},"author":3,"featured_media":0,"comment_status":"open","ping_status":"open","sticky":false,"template":"","format":"standard","meta":{"_bbp_topic_count":0,"_bbp_reply_count":0,"_bbp_total_topic_count":0,"_bbp_total_reply_count":0,"_bbp_voice_count":0,"_bbp_anonymous_reply_count":0,"_bbp_topic_count_hidden":0,"_bbp_reply_count_hidden":0,"_bbp_forum_subforum_count":0,"footnotes":""},"categories":[44],"tags":[33],"class_list":["post-395","post","type-post","status-publish","format-standard","hentry","category-musica","tag-santa-cecilia"],"post_mailing_queue_ids":[],"_links":{"self":[{"href":"https:\/\/agora.xtec.cat\/ceip-catalunya-sabadell\/wp-json\/wp\/v2\/posts\/395","targetHints":{"allow":["GET"]}}],"collection":[{"href":"https:\/\/agora.xtec.cat\/ceip-catalunya-sabadell\/wp-json\/wp\/v2\/posts"}],"about":[{"href":"https:\/\/agora.xtec.cat\/ceip-catalunya-sabadell\/wp-json\/wp\/v2\/types\/post"}],"author":[{"embeddable":true,"href":"https:\/\/agora.xtec.cat\/ceip-catalunya-sabadell\/wp-json\/wp\/v2\/users\/3"}],"replies":[{"embeddable":true,"href":"https:\/\/agora.xtec.cat\/ceip-catalunya-sabadell\/wp-json\/wp\/v2\/comments?post=395"}],"version-history":[{"count":3,"href":"https:\/\/agora.xtec.cat\/ceip-catalunya-sabadell\/wp-json\/wp\/v2\/posts\/395\/revisions"}],"predecessor-version":[{"id":471,"href":"https:\/\/agora.xtec.cat\/ceip-catalunya-sabadell\/wp-json\/wp\/v2\/posts\/395\/revisions\/471"}],"wp:attachment":[{"href":"https:\/\/agora.xtec.cat\/ceip-catalunya-sabadell\/wp-json\/wp\/v2\/media?parent=395"}],"wp:term":[{"taxonomy":"category","embeddable":true,"href":"https:\/\/agora.xtec.cat\/ceip-catalunya-sabadell\/wp-json\/wp\/v2\/categories?post=395"},{"taxonomy":"post_tag","embeddable":true,"href":"https:\/\/agora.xtec.cat\/ceip-catalunya-sabadell\/wp-json\/wp\/v2\/tags?post=395"}],"curies":[{"name":"wp","href":"https:\/\/api.w.org\/{rel}","templated":true}]}}