{"id":3940,"date":"2021-02-09T10:38:41","date_gmt":"2021-02-09T09:38:41","guid":{"rendered":"http:\/\/agora.xtec.cat\/ceip-catalunya-sabadell\/?p=3940"},"modified":"2021-03-25T13:26:11","modified_gmt":"2021-03-25T12:26:11","slug":"portes-obertes-21-22-el-nostre-projecte-educatiu","status":"publish","type":"post","link":"https:\/\/agora.xtec.cat\/ceip-catalunya-sabadell\/general\/portes-obertes-21-22-el-nostre-projecte-educatiu\/","title":{"rendered":"PREINSCRIPCI\u00d3 21-22"},"content":{"rendered":"<p>Presentaci\u00f3 de documentaci\u00f3: del 25 al 26 de mar\u00e7<\/p>\n<p>Presentaci\u00f3 sol\u00b7licituds: 15-24 mar\u00e7\u00a0 clicant <a href=\"http:\/\/educacio.gencat.cat\/ca\/tramits\/tramits-temes\/20483-obligatoris?moda=1\">AQU\u00cd<\/a><\/p>\n<h3>Oferta inicial de places<\/h3>\n<h3><img loading=\"lazy\" decoding=\"async\" class=\"alignnone wp-image-4071 size-large\" src=\"https:\/\/agora.xtec.cat\/ceip-catalunya-sabadell\/wp-content\/uploads\/usu823\/2021\/02\/INFORME_OFERTA_OME_INFORME_OFERTA_page-0001-e1615454830161-1024x756.jpg\" alt=\"\" width=\"1024\" height=\"756\" srcset=\"https:\/\/agora.xtec.cat\/ceip-catalunya-sabadell\/wp-content\/uploads\/usu823\/2021\/02\/INFORME_OFERTA_OME_INFORME_OFERTA_page-0001-e1615454830161-1024x756.jpg 1024w, https:\/\/agora.xtec.cat\/ceip-catalunya-sabadell\/wp-content\/uploads\/usu823\/2021\/02\/INFORME_OFERTA_OME_INFORME_OFERTA_page-0001-e1615454830161-300x221.jpg 300w, https:\/\/agora.xtec.cat\/ceip-catalunya-sabadell\/wp-content\/uploads\/usu823\/2021\/02\/INFORME_OFERTA_OME_INFORME_OFERTA_page-0001-e1615454830161-768x567.jpg 768w, https:\/\/agora.xtec.cat\/ceip-catalunya-sabadell\/wp-content\/uploads\/usu823\/2021\/02\/INFORME_OFERTA_OME_INFORME_OFERTA_page-0001-e1615454830161.jpg 1089w\" sizes=\"auto, (max-width: 1024px) 100vw, 1024px\" \/><\/h3>\n<h3><\/h3>\n<h3><img loading=\"lazy\" decoding=\"async\" class=\"alignnone wp-image-4043\" src=\"https:\/\/agora.xtec.cat\/ceip-catalunya-sabadell\/wp-content\/uploads\/usu823\/2021\/02\/warning-145066_640-150x150.png\" alt=\"\" width=\"25\" height=\"24\" srcset=\"https:\/\/agora.xtec.cat\/ceip-catalunya-sabadell\/wp-content\/uploads\/usu823\/2021\/02\/warning-145066_640-150x150.png 150w, https:\/\/agora.xtec.cat\/ceip-catalunya-sabadell\/wp-content\/uploads\/usu823\/2021\/02\/warning-145066_640-300x290.png 300w, https:\/\/agora.xtec.cat\/ceip-catalunya-sabadell\/wp-content\/uploads\/usu823\/2021\/02\/warning-145066_640.png 640w\" sizes=\"auto, (max-width: 25px) 100vw, 25px\" \/> Consulteu les darreres novetats a la nostra p\u00e0gina de <a href=\"https:\/\/agora.xtec.cat\/ceip-catalunya-sabadell\/categoria\/preinscripcio-i-matricula\/\">PREINSCRIPCI\u00d3 I MATR\u00cdCULA<\/a><\/h3>\n<p>Clica sobre la imatge per con\u00e8ixer el nostre <a href=\"https:\/\/drive.google.com\/file\/d\/17mkB3IpYXf2tVvQ4eTjwSqAb1Z-TsU5w\/view?usp=sharing\">PROJECTE<\/a><\/p>\n<p><a href=\"https:\/\/drive.google.com\/file\/d\/17mkB3IpYXf2tVvQ4eTjwSqAb1Z-TsU5w\/view?usp=sharing\"><img loading=\"lazy\" decoding=\"async\" class=\"alignnone wp-image-3941 size-large\" src=\"https:\/\/agora.xtec.cat\/ceip-catalunya-sabadell\/wp-content\/uploads\/usu823\/2021\/02\/PORTADA-PORTES-OBERTES-1024x573.png\" alt=\"\" width=\"1024\" height=\"573\" srcset=\"https:\/\/agora.xtec.cat\/ceip-catalunya-sabadell\/wp-content\/uploads\/usu823\/2021\/02\/PORTADA-PORTES-OBERTES-1024x573.png 1024w, https:\/\/agora.xtec.cat\/ceip-catalunya-sabadell\/wp-content\/uploads\/usu823\/2021\/02\/PORTADA-PORTES-OBERTES-300x168.png 300w, https:\/\/agora.xtec.cat\/ceip-catalunya-sabadell\/wp-content\/uploads\/usu823\/2021\/02\/PORTADA-PORTES-OBERTES-768x430.png 768w, https:\/\/agora.xtec.cat\/ceip-catalunya-sabadell\/wp-content\/uploads\/usu823\/2021\/02\/PORTADA-PORTES-OBERTES.png 1277w\" sizes=\"auto, (max-width: 1024px) 100vw, 1024px\" \/><\/a><\/p>\n<p><iframe loading=\"lazy\" src=\"\/\/www.youtube.com\/embed\/zDinlKkQ1r8\" width=\"700\" height=\"393\"><\/iframe><\/p>\n<p><a href=\"https:\/\/drive.google.com\/file\/d\/1zxgbheSSvzb4LyYIbqzebSTO8az2c-2n\/view?usp=sharing\"><img loading=\"lazy\" decoding=\"async\" class=\"alignnone size-large wp-image-4029\" src=\"https:\/\/agora.xtec.cat\/ceip-catalunya-sabadell\/wp-content\/uploads\/usu823\/2021\/02\/Sense-t\u00edtol-1024x575.png\" alt=\"\" width=\"1024\" height=\"575\" srcset=\"https:\/\/agora.xtec.cat\/ceip-catalunya-sabadell\/wp-content\/uploads\/usu823\/2021\/02\/Sense-t\u00edtol-1024x575.png 1024w, https:\/\/agora.xtec.cat\/ceip-catalunya-sabadell\/wp-content\/uploads\/usu823\/2021\/02\/Sense-t\u00edtol-300x169.png 300w, https:\/\/agora.xtec.cat\/ceip-catalunya-sabadell\/wp-content\/uploads\/usu823\/2021\/02\/Sense-t\u00edtol-768x431.png 768w, https:\/\/agora.xtec.cat\/ceip-catalunya-sabadell\/wp-content\/uploads\/usu823\/2021\/02\/Sense-t\u00edtol.png 1399w\" sizes=\"auto, (max-width: 1024px) 100vw, 1024px\" \/><\/a><\/p>\n<p>&nbsp;<\/p>\n<p>Ens podreu con\u00e8ixer visualitzant els v\u00eddeos que us hem preparat per apropar-vos a la nostra escola clicant sobre la imatge.<\/p>\n<h3>NOVETAT! PORTES OBERTES VIRTUALS<\/h3>\n<p><strong>23 de febrer a les 15.15h<\/strong> clicant aquest ENLLA\u00c7:\u00a0<a href=\"https:\/\/meet.google.com\/ywc-wvuq-ggf\">https:\/\/meet.google.com\/ywc-wvuq-ggf<\/a><\/p>\n<p><strong>24 de febrer a les 19h<\/strong> clicant aquest ENLLA\u00c7:\u00a0<a href=\"https:\/\/meet.google.com\/fnh-vcgz-wkw\">https:\/\/meet.google.com\/fnh-vcgz-wkw<\/a><\/p>\n<p>Per m\u00e9s informaci\u00f3 sobre el proc\u00e9s de preinscripci\u00f3, podeu consultar el nou portal:<\/p>\n<h3><a href=\"https:\/\/preinscripcio.gencat.cat\/ca\/inici\/\">https:\/\/preinscripcio.gencat.cat\/ca\/inici\/<\/a><\/h3>\n<p>&nbsp;<\/p>\n","protected":false},"excerpt":{"rendered":"<p>Presentaci\u00f3 de documentaci\u00f3: del 25 al 26 de mar\u00e7<br \/>\nPresentaci\u00f3 sol\u00b7licituds: 15-24 mar\u00e7\u00a0 clicant <a href=\"http:\/\/educacio.gencat.cat\/ca\/tramits\/tramits-temes\/20483-obligatoris?moda=1\">AQU\u00cd<\/a><br \/>\nOferta inicial de places<\/p>\n<p> Consulteu les darreres novetats a la nostra p\u00e0gina de <a href=\"https:\/\/agora.xtec.cat\/ceip-catalunya-sabadell\/categoria\/preinscripcio-i-matricula\/\">PREINSCRIPCI\u00d3 I MATR\u00cdCULA<\/a><br \/>\nClica sobre la imatge per con\u00e8ixer el nostre <a href=\"https:\/\/drive.google.com\/file\/d\/17mkB3IpYXf2tVvQ4eTjwSqAb1Z-TsU5w\/view?usp=sharing\">PROJECTE<\/a><br \/>\n<a href=\"https:\/\/drive.google.com\/file\/d\/17mkB3IpYXf2tVvQ4eTjwSqAb1Z-TsU5w\/view?usp=sharing\"><\/a><\/p>\n<p><a href=\"https:\/\/drive.google.com\/file\/d\/1zxgbheSSvzb4LyYIbqzebSTO8az2c-2n\/view?usp=sharing\"><\/a><br \/>\n&nbsp;<br \/>\nEns podreu con\u00e8ixer visualitzant&hellip;  <a href=\"https:\/\/agora.xtec.cat\/ceip-catalunya-sabadell\/general\/portes-obertes-21-22-el-nostre-projecte-educatiu\/\" title=\"Read PREINSCRIPCI\u00d3 21-22\">Llegeix m\u00e9s\u00bb<\/a><\/p>\n","protected":false},"author":3,"featured_media":3941,"comment_status":"open","ping_status":"closed","sticky":false,"template":"","format":"standard","meta":{"_bbp_topic_count":0,"_bbp_reply_count":0,"_bbp_total_topic_count":0,"_bbp_total_reply_count":0,"_bbp_voice_count":0,"_bbp_anonymous_reply_count":0,"_bbp_topic_count_hidden":0,"_bbp_reply_count_hidden":0,"_bbp_forum_subforum_count":0,"footnotes":""},"categories":[1,4,123],"tags":[],"class_list":["post-3940","post","type-post","status-publish","format-standard","has-post-thumbnail","hentry","category-general","category-portada","category-preinscripcio-i-matricula"],"post_mailing_queue_ids":[],"_links":{"self":[{"href":"https:\/\/agora.xtec.cat\/ceip-catalunya-sabadell\/wp-json\/wp\/v2\/posts\/3940","targetHints":{"allow":["GET"]}}],"collection":[{"href":"https:\/\/agora.xtec.cat\/ceip-catalunya-sabadell\/wp-json\/wp\/v2\/posts"}],"about":[{"href":"https:\/\/agora.xtec.cat\/ceip-catalunya-sabadell\/wp-json\/wp\/v2\/types\/post"}],"author":[{"embeddable":true,"href":"https:\/\/agora.xtec.cat\/ceip-catalunya-sabadell\/wp-json\/wp\/v2\/users\/3"}],"replies":[{"embeddable":true,"href":"https:\/\/agora.xtec.cat\/ceip-catalunya-sabadell\/wp-json\/wp\/v2\/comments?post=3940"}],"version-history":[{"count":4,"href":"https:\/\/agora.xtec.cat\/ceip-catalunya-sabadell\/wp-json\/wp\/v2\/posts\/3940\/revisions"}],"predecessor-version":[{"id":4099,"href":"https:\/\/agora.xtec.cat\/ceip-catalunya-sabadell\/wp-json\/wp\/v2\/posts\/3940\/revisions\/4099"}],"wp:featuredmedia":[{"embeddable":true,"href":"https:\/\/agora.xtec.cat\/ceip-catalunya-sabadell\/wp-json\/wp\/v2\/media\/3941"}],"wp:attachment":[{"href":"https:\/\/agora.xtec.cat\/ceip-catalunya-sabadell\/wp-json\/wp\/v2\/media?parent=3940"}],"wp:term":[{"taxonomy":"category","embeddable":true,"href":"https:\/\/agora.xtec.cat\/ceip-catalunya-sabadell\/wp-json\/wp\/v2\/categories?post=3940"},{"taxonomy":"post_tag","embeddable":true,"href":"https:\/\/agora.xtec.cat\/ceip-catalunya-sabadell\/wp-json\/wp\/v2\/tags?post=3940"}],"curies":[{"name":"wp","href":"https:\/\/api.w.org\/{rel}","templated":true}]}}