{"id":3929,"date":"2021-01-26T15:15:14","date_gmt":"2021-01-26T14:15:14","guid":{"rendered":"http:\/\/agora.xtec.cat\/ceip-catalunya-sabadell\/?p=3929"},"modified":"2021-01-26T15:44:37","modified_gmt":"2021-01-26T14:44:37","slug":"portes-obertes-21-22","status":"publish","type":"post","link":"https:\/\/agora.xtec.cat\/ceip-catalunya-sabadell\/portada\/portes-obertes-21-22\/","title":{"rendered":"PORTES OBERTES 21-22"},"content":{"rendered":"<p>Benvolgudes fam\u00edlies,<\/p>\n<p>enguany, les portes obertes de l&#8217;escola seran virtuals. A trav\u00e9s de la nostra p\u00e0gina web, en breu, podreu accedir a <strong>v\u00eddeos i materials<\/strong> que us permetran con\u00e8ixer el nostre projecte educatiu.<\/p>\n<p>A m\u00e9s, tamb\u00e9 farem <strong>dues sessions online<\/strong> els propers dies:<\/p>\n<p>23 de febrer a les 15,15h<\/p>\n<p>24 de febrer a les 19h<\/p>\n<p>en qu\u00e8 resoldrem dubtes i podreu consultar-nos tot all\u00f2 que necessiteu.<\/p>\n<p>Estigueu atents a la nostra p\u00e0gina web perqu\u00e8 anirem publicant tots els v\u00eddeos de presentaci\u00f3 i l&#8217;enlla\u00e7 per accedir a les sessions online.<\/p>\n<p>Us hi esperem!!!<\/p>\n<p>&nbsp;<\/p>\n","protected":false},"excerpt":{"rendered":"<p>Benvolgudes fam\u00edlies,<br \/>\nenguany, les portes obertes de l&#8217;escola seran virtuals. A trav\u00e9s de la nostra p\u00e0gina web, en breu, podreu accedir a v\u00eddeos i materials que us permetran con\u00e8ixer el nostre projecte educatiu.<br \/>\nA m\u00e9s, tamb\u00e9 farem dues sessions online els propers dies:<br \/>\n23 de febrer a les&hellip;  <a href=\"https:\/\/agora.xtec.cat\/ceip-catalunya-sabadell\/portada\/portes-obertes-21-22\/\" title=\"Read PORTES OBERTES 21-22\">Llegeix m\u00e9s\u00bb<\/a><\/p>\n","protected":false},"author":3,"featured_media":1552,"comment_status":"closed","ping_status":"closed","sticky":false,"template":"","format":"standard","meta":{"_bbp_topic_count":0,"_bbp_reply_count":0,"_bbp_total_topic_count":0,"_bbp_total_reply_count":0,"_bbp_voice_count":0,"_bbp_anonymous_reply_count":0,"_bbp_topic_count_hidden":0,"_bbp_reply_count_hidden":0,"_bbp_forum_subforum_count":0,"footnotes":""},"categories":[4,123],"tags":[],"class_list":["post-3929","post","type-post","status-publish","format-standard","has-post-thumbnail","hentry","category-portada","category-preinscripcio-i-matricula"],"post_mailing_queue_ids":[],"_links":{"self":[{"href":"https:\/\/agora.xtec.cat\/ceip-catalunya-sabadell\/wp-json\/wp\/v2\/posts\/3929","targetHints":{"allow":["GET"]}}],"collection":[{"href":"https:\/\/agora.xtec.cat\/ceip-catalunya-sabadell\/wp-json\/wp\/v2\/posts"}],"about":[{"href":"https:\/\/agora.xtec.cat\/ceip-catalunya-sabadell\/wp-json\/wp\/v2\/types\/post"}],"author":[{"embeddable":true,"href":"https:\/\/agora.xtec.cat\/ceip-catalunya-sabadell\/wp-json\/wp\/v2\/users\/3"}],"replies":[{"embeddable":true,"href":"https:\/\/agora.xtec.cat\/ceip-catalunya-sabadell\/wp-json\/wp\/v2\/comments?post=3929"}],"version-history":[{"count":2,"href":"https:\/\/agora.xtec.cat\/ceip-catalunya-sabadell\/wp-json\/wp\/v2\/posts\/3929\/revisions"}],"predecessor-version":[{"id":3931,"href":"https:\/\/agora.xtec.cat\/ceip-catalunya-sabadell\/wp-json\/wp\/v2\/posts\/3929\/revisions\/3931"}],"wp:featuredmedia":[{"embeddable":true,"href":"https:\/\/agora.xtec.cat\/ceip-catalunya-sabadell\/wp-json\/wp\/v2\/media\/1552"}],"wp:attachment":[{"href":"https:\/\/agora.xtec.cat\/ceip-catalunya-sabadell\/wp-json\/wp\/v2\/media?parent=3929"}],"wp:term":[{"taxonomy":"category","embeddable":true,"href":"https:\/\/agora.xtec.cat\/ceip-catalunya-sabadell\/wp-json\/wp\/v2\/categories?post=3929"},{"taxonomy":"post_tag","embeddable":true,"href":"https:\/\/agora.xtec.cat\/ceip-catalunya-sabadell\/wp-json\/wp\/v2\/tags?post=3929"}],"curies":[{"name":"wp","href":"https:\/\/api.w.org\/{rel}","templated":true}]}}