{"id":3864,"date":"2020-12-14T15:07:28","date_gmt":"2020-12-14T14:07:28","guid":{"rendered":"http:\/\/agora.xtec.cat\/ceip-catalunya-sabadell\/?p=3864"},"modified":"2020-12-14T15:07:28","modified_gmt":"2020-12-14T14:07:28","slug":"sorpresa-nadalenca-en-angles-cm","status":"publish","type":"post","link":"https:\/\/agora.xtec.cat\/ceip-catalunya-sabadell\/portada\/sorpresa-nadalenca-en-angles-cm\/","title":{"rendered":"Sorpresa nadalenca en angl\u00e8s CM"},"content":{"rendered":"<p>Els nens i nenes del Cicle Mitj\u00e0 hem preparat un v\u00eddeo d&#8217;angl\u00e8s on ens expliquem una sorpresa que trobareu aquesta setmana a l&#8217;entrada de l&#8217;escola. A veure si us agrada i participeu molt!<\/p>\n<p>Aqu\u00ed podeu veure el <a href=\"https:\/\/drive.google.com\/file\/d\/12pKmv7f58HoGOjFLC3kkTxPdUtWYq9KM\/view?ts=5fd7382f\">v\u00eddeo.<\/a><\/p>\n<p><a href=\"https:\/\/agora.xtec.cat\/ceip-catalunya-sabadell\/wp-content\/uploads\/usu823\/2020\/12\/Sense-t\u00edtol.jpg\"><img loading=\"lazy\" decoding=\"async\" class=\"alignnone wp-image-3865\" src=\"https:\/\/agora.xtec.cat\/ceip-catalunya-sabadell\/wp-content\/uploads\/usu823\/2020\/12\/Sense-t\u00edtol.jpg\" alt=\"\" width=\"264\" height=\"153\" srcset=\"https:\/\/agora.xtec.cat\/ceip-catalunya-sabadell\/wp-content\/uploads\/usu823\/2020\/12\/Sense-t\u00edtol.jpg 684w, https:\/\/agora.xtec.cat\/ceip-catalunya-sabadell\/wp-content\/uploads\/usu823\/2020\/12\/Sense-t\u00edtol-300x174.jpg 300w\" sizes=\"auto, (max-width: 264px) 100vw, 264px\" \/><\/a><\/p>\n","protected":false},"excerpt":{"rendered":"<p>Els nens i nenes del Cicle Mitj\u00e0 hem preparat un v\u00eddeo d&#8217;angl\u00e8s on ens expliquem una sorpresa que trobareu aquesta setmana a l&#8217;entrada de l&#8217;escola. A veure si us agrada i participeu molt!<br \/>\nAqu\u00ed podeu veure el <a href=\"https:\/\/drive.google.com\/file\/d\/12pKmv7f58HoGOjFLC3kkTxPdUtWYq9KM\/view?ts=5fd7382f\">v\u00eddeo.<\/a><br \/>\n<a href=\"https:\/\/agora.xtec.cat\/ceip-catalunya-sabadell\/wp-content\/uploads\/usu823\/2020\/12\/Sense-t\u00edtol.jpg\"><\/a><\/p>\n","protected":false},"author":60,"featured_media":3865,"comment_status":"open","ping_status":"closed","sticky":false,"template":"","format":"standard","meta":{"_bbp_topic_count":0,"_bbp_reply_count":0,"_bbp_total_topic_count":0,"_bbp_total_reply_count":0,"_bbp_voice_count":0,"_bbp_anonymous_reply_count":0,"_bbp_topic_count_hidden":0,"_bbp_reply_count_hidden":0,"_bbp_forum_subforum_count":0,"footnotes":""},"categories":[13,41,4],"tags":[],"class_list":["post-3864","post","type-post","status-publish","format-standard","has-post-thumbnail","hentry","category-4t","category-english","category-portada"],"post_mailing_queue_ids":[],"_links":{"self":[{"href":"https:\/\/agora.xtec.cat\/ceip-catalunya-sabadell\/wp-json\/wp\/v2\/posts\/3864","targetHints":{"allow":["GET"]}}],"collection":[{"href":"https:\/\/agora.xtec.cat\/ceip-catalunya-sabadell\/wp-json\/wp\/v2\/posts"}],"about":[{"href":"https:\/\/agora.xtec.cat\/ceip-catalunya-sabadell\/wp-json\/wp\/v2\/types\/post"}],"author":[{"embeddable":true,"href":"https:\/\/agora.xtec.cat\/ceip-catalunya-sabadell\/wp-json\/wp\/v2\/users\/60"}],"replies":[{"embeddable":true,"href":"https:\/\/agora.xtec.cat\/ceip-catalunya-sabadell\/wp-json\/wp\/v2\/comments?post=3864"}],"version-history":[{"count":1,"href":"https:\/\/agora.xtec.cat\/ceip-catalunya-sabadell\/wp-json\/wp\/v2\/posts\/3864\/revisions"}],"predecessor-version":[{"id":3866,"href":"https:\/\/agora.xtec.cat\/ceip-catalunya-sabadell\/wp-json\/wp\/v2\/posts\/3864\/revisions\/3866"}],"wp:featuredmedia":[{"embeddable":true,"href":"https:\/\/agora.xtec.cat\/ceip-catalunya-sabadell\/wp-json\/wp\/v2\/media\/3865"}],"wp:attachment":[{"href":"https:\/\/agora.xtec.cat\/ceip-catalunya-sabadell\/wp-json\/wp\/v2\/media?parent=3864"}],"wp:term":[{"taxonomy":"category","embeddable":true,"href":"https:\/\/agora.xtec.cat\/ceip-catalunya-sabadell\/wp-json\/wp\/v2\/categories?post=3864"},{"taxonomy":"post_tag","embeddable":true,"href":"https:\/\/agora.xtec.cat\/ceip-catalunya-sabadell\/wp-json\/wp\/v2\/tags?post=3864"}],"curies":[{"name":"wp","href":"https:\/\/api.w.org\/{rel}","templated":true}]}}