{"id":3861,"date":"2020-12-11T09:29:40","date_gmt":"2020-12-11T08:29:40","guid":{"rendered":"http:\/\/agora.xtec.cat\/ceip-catalunya-sabadell\/?p=3861"},"modified":"2020-12-11T09:30:12","modified_gmt":"2020-12-11T08:30:12","slug":"11-desembre-dia-internacional-de-les-muntanyes","status":"publish","type":"post","link":"https:\/\/agora.xtec.cat\/ceip-catalunya-sabadell\/general\/11-desembre-dia-internacional-de-les-muntanyes\/","title":{"rendered":"11 Desembre Dia Internacional de les Muntanyes"},"content":{"rendered":"<p>Avui, 11 de desembre, es celebra a tot arreu el Dia Internacional de les Muntanyes. \u00c9s un dia important per crear consci\u00e8ncia sobre la import\u00e0ncia de cuidar les muntanyes, el medi natural on vivim, casa nostra. Les nenes i nens de 4rt A, que a m\u00e9s som la classe dels volcans, hem volgut posar-hi una mica de la nostra part per celebrar aquest dia i per donar-lo a con\u00e8ixer a tota la comunitat educativa. Nom\u00e9s \u00e9s un petit gra de sorra, per\u00f2 ja se sap&#8230;tots els granets s\u00f3n importants per formar un desert.<\/p>\n<p>Aqu\u00ed us deixem un v\u00eddeo on hem intentat explicar per qu\u00e8 \u00e9s important cuidar de les muntanyes.<\/p>\n<p><a href=\"https:\/\/drive.google.com\/file\/d\/1f1nWAwzuhkChIjqoQGLOBCjGJezWmotO\/view?usp=sharing\">https:\/\/drive.google.com\/file\/d\/1f1nWAwzuhkChIjqoQGLOBCjGJezWmotO\/view?usp=sharing<\/a><\/p>\n<p>Tamb\u00e9 us deixem un altre v\u00eddeo on busquem i aparellem muntanyes importants de la nostra terra, Catalunya.<\/p>\n<p><a href=\"https:\/\/drive.google.com\/file\/d\/12j9WkxB63zymVMTdvEEhEqmjONocewWV\/view?usp=sharing\">https:\/\/drive.google.com\/file\/d\/12j9WkxB63zymVMTdvEEhEqmjONocewWV\/view?usp=sharing<\/a><\/p>\n<p>Al plaf\u00f3 de l&#8217;entrada de l&#8217;escola trobareu tamb\u00e9 tota aquesta informaci\u00f3 per si la voleu llegir de prop.<\/p>\n<p>Creem consci\u00e8ncia per continuar gaudint de les muntanyes!<\/p>\n<p><a href=\"https:\/\/agora.xtec.cat\/ceip-catalunya-sabadell\/wp-content\/uploads\/usu823\/2020\/12\/Pedraforca.jpg\"><img loading=\"lazy\" decoding=\"async\" class=\"alignnone wp-image-3862\" src=\"https:\/\/agora.xtec.cat\/ceip-catalunya-sabadell\/wp-content\/uploads\/usu823\/2020\/12\/Pedraforca.jpg\" alt=\"\" width=\"370\" height=\"222\" srcset=\"https:\/\/agora.xtec.cat\/ceip-catalunya-sabadell\/wp-content\/uploads\/usu823\/2020\/12\/Pedraforca.jpg 450w, https:\/\/agora.xtec.cat\/ceip-catalunya-sabadell\/wp-content\/uploads\/usu823\/2020\/12\/Pedraforca-300x180.jpg 300w\" sizes=\"auto, (max-width: 370px) 100vw, 370px\" \/><\/a><\/p>\n","protected":false},"excerpt":{"rendered":"<p>Avui, 11 de desembre, es celebra a tot arreu el Dia Internacional de les Muntanyes. \u00c9s un dia important per crear consci\u00e8ncia sobre la import\u00e0ncia de cuidar les muntanyes, el medi natural on vivim, casa nostra. Les nenes i nens de 4rt A, que a&hellip;  <a href=\"https:\/\/agora.xtec.cat\/ceip-catalunya-sabadell\/general\/11-desembre-dia-internacional-de-les-muntanyes\/\" title=\"Read 11 Desembre Dia Internacional de les Muntanyes\">Llegeix m\u00e9s\u00bb<\/a><\/p>\n","protected":false},"author":60,"featured_media":0,"comment_status":"open","ping_status":"closed","sticky":false,"template":"","format":"standard","meta":{"_bbp_topic_count":0,"_bbp_reply_count":0,"_bbp_total_topic_count":0,"_bbp_total_reply_count":0,"_bbp_voice_count":0,"_bbp_anonymous_reply_count":0,"_bbp_topic_count_hidden":0,"_bbp_reply_count_hidden":0,"_bbp_forum_subforum_count":0,"footnotes":""},"categories":[13,38,1,4],"tags":[],"class_list":["post-3861","post","type-post","status-publish","format-standard","hentry","category-4t","category-sostenible","category-general","category-portada"],"post_mailing_queue_ids":[],"_links":{"self":[{"href":"https:\/\/agora.xtec.cat\/ceip-catalunya-sabadell\/wp-json\/wp\/v2\/posts\/3861","targetHints":{"allow":["GET"]}}],"collection":[{"href":"https:\/\/agora.xtec.cat\/ceip-catalunya-sabadell\/wp-json\/wp\/v2\/posts"}],"about":[{"href":"https:\/\/agora.xtec.cat\/ceip-catalunya-sabadell\/wp-json\/wp\/v2\/types\/post"}],"author":[{"embeddable":true,"href":"https:\/\/agora.xtec.cat\/ceip-catalunya-sabadell\/wp-json\/wp\/v2\/users\/60"}],"replies":[{"embeddable":true,"href":"https:\/\/agora.xtec.cat\/ceip-catalunya-sabadell\/wp-json\/wp\/v2\/comments?post=3861"}],"version-history":[{"count":1,"href":"https:\/\/agora.xtec.cat\/ceip-catalunya-sabadell\/wp-json\/wp\/v2\/posts\/3861\/revisions"}],"predecessor-version":[{"id":3863,"href":"https:\/\/agora.xtec.cat\/ceip-catalunya-sabadell\/wp-json\/wp\/v2\/posts\/3861\/revisions\/3863"}],"wp:attachment":[{"href":"https:\/\/agora.xtec.cat\/ceip-catalunya-sabadell\/wp-json\/wp\/v2\/media?parent=3861"}],"wp:term":[{"taxonomy":"category","embeddable":true,"href":"https:\/\/agora.xtec.cat\/ceip-catalunya-sabadell\/wp-json\/wp\/v2\/categories?post=3861"},{"taxonomy":"post_tag","embeddable":true,"href":"https:\/\/agora.xtec.cat\/ceip-catalunya-sabadell\/wp-json\/wp\/v2\/tags?post=3861"}],"curies":[{"name":"wp","href":"https:\/\/api.w.org\/{rel}","templated":true}]}}