{"id":3855,"date":"2020-12-09T15:09:39","date_gmt":"2020-12-09T14:09:39","guid":{"rendered":"http:\/\/agora.xtec.cat\/ceip-catalunya-sabadell\/?p=3855"},"modified":"2020-12-09T15:10:09","modified_gmt":"2020-12-09T14:10:09","slug":"treballem-la-geometria-a-4t","status":"publish","type":"post","link":"https:\/\/agora.xtec.cat\/ceip-catalunya-sabadell\/portada\/treballem-la-geometria-a-4t\/","title":{"rendered":"Treballem la geometria a 4t"},"content":{"rendered":"<p>Aquestes darreres setmanes els grups de 4t ens hem endinsat en el m\u00f3n de la geometria. Hem apr\u00e8s molt\u00edssimes coses sobre els cossos geom\u00e8trics, les figures i les seves dimensions i classificacions. Tamb\u00e9 paraules noves com arestes, v\u00e8rtexs, cares&#8230; A l&#8217;aula hem pogut observar de prop diversos cossos geom\u00e8trics i hem crear alguns mitjan\u00e7ant el desplegaments de plans. La setmana passada vam acabar de fer pr\u00e0ctiques amb una sortida matinal on vam descobrir el joc dels miralls, els geoplans i altres sorpreses.<\/p>\n<p>Aqu\u00ed teniu un recull a trav\u00e9s de <a href=\"https:\/\/photos.app.goo.gl\/RErmcUmyxhwRNeek8\">fotografies.<\/a><\/p>\n<p><a href=\"https:\/\/agora.xtec.cat\/ceip-catalunya-sabadell\/wp-content\/uploads\/usu823\/2020\/12\/IMG20201203101504.jpg\"><img loading=\"lazy\" decoding=\"async\" class=\"alignnone wp-image-3858\" src=\"https:\/\/agora.xtec.cat\/ceip-catalunya-sabadell\/wp-content\/uploads\/usu823\/2020\/12\/IMG20201203101504.jpg\" alt=\"\" width=\"292\" height=\"389\" srcset=\"https:\/\/agora.xtec.cat\/ceip-catalunya-sabadell\/wp-content\/uploads\/usu823\/2020\/12\/IMG20201203101504.jpg 469w, https:\/\/agora.xtec.cat\/ceip-catalunya-sabadell\/wp-content\/uploads\/usu823\/2020\/12\/IMG20201203101504-225x300.jpg 225w\" sizes=\"auto, (max-width: 292px) 100vw, 292px\" \/><\/a><\/p>\n","protected":false},"excerpt":{"rendered":"<p>Aquestes darreres setmanes els grups de 4t ens hem endinsat en el m\u00f3n de la geometria. Hem apr\u00e8s molt\u00edssimes coses sobre els cossos geom\u00e8trics, les figures i les seves dimensions i classificacions. Tamb\u00e9 paraules noves com arestes, v\u00e8rtexs, cares&#8230; A l&#8217;aula hem pogut observar de&hellip;  <a href=\"https:\/\/agora.xtec.cat\/ceip-catalunya-sabadell\/portada\/treballem-la-geometria-a-4t\/\" title=\"Read Treballem la geometria a 4t\">Llegeix m\u00e9s\u00bb<\/a><\/p>\n","protected":false},"author":60,"featured_media":3858,"comment_status":"open","ping_status":"closed","sticky":false,"template":"","format":"standard","meta":{"_bbp_topic_count":0,"_bbp_reply_count":0,"_bbp_total_topic_count":0,"_bbp_total_reply_count":0,"_bbp_voice_count":0,"_bbp_anonymous_reply_count":0,"_bbp_topic_count_hidden":0,"_bbp_reply_count_hidden":0,"_bbp_forum_subforum_count":0,"footnotes":""},"categories":[13,4],"tags":[],"class_list":["post-3855","post","type-post","status-publish","format-standard","has-post-thumbnail","hentry","category-4t","category-portada"],"post_mailing_queue_ids":[],"_links":{"self":[{"href":"https:\/\/agora.xtec.cat\/ceip-catalunya-sabadell\/wp-json\/wp\/v2\/posts\/3855","targetHints":{"allow":["GET"]}}],"collection":[{"href":"https:\/\/agora.xtec.cat\/ceip-catalunya-sabadell\/wp-json\/wp\/v2\/posts"}],"about":[{"href":"https:\/\/agora.xtec.cat\/ceip-catalunya-sabadell\/wp-json\/wp\/v2\/types\/post"}],"author":[{"embeddable":true,"href":"https:\/\/agora.xtec.cat\/ceip-catalunya-sabadell\/wp-json\/wp\/v2\/users\/60"}],"replies":[{"embeddable":true,"href":"https:\/\/agora.xtec.cat\/ceip-catalunya-sabadell\/wp-json\/wp\/v2\/comments?post=3855"}],"version-history":[{"count":1,"href":"https:\/\/agora.xtec.cat\/ceip-catalunya-sabadell\/wp-json\/wp\/v2\/posts\/3855\/revisions"}],"predecessor-version":[{"id":3859,"href":"https:\/\/agora.xtec.cat\/ceip-catalunya-sabadell\/wp-json\/wp\/v2\/posts\/3855\/revisions\/3859"}],"wp:featuredmedia":[{"embeddable":true,"href":"https:\/\/agora.xtec.cat\/ceip-catalunya-sabadell\/wp-json\/wp\/v2\/media\/3858"}],"wp:attachment":[{"href":"https:\/\/agora.xtec.cat\/ceip-catalunya-sabadell\/wp-json\/wp\/v2\/media?parent=3855"}],"wp:term":[{"taxonomy":"category","embeddable":true,"href":"https:\/\/agora.xtec.cat\/ceip-catalunya-sabadell\/wp-json\/wp\/v2\/categories?post=3855"},{"taxonomy":"post_tag","embeddable":true,"href":"https:\/\/agora.xtec.cat\/ceip-catalunya-sabadell\/wp-json\/wp\/v2\/tags?post=3855"}],"curies":[{"name":"wp","href":"https:\/\/api.w.org\/{rel}","templated":true}]}}