{"id":3849,"date":"2020-12-09T15:10:48","date_gmt":"2020-12-09T14:10:48","guid":{"rendered":"http:\/\/agora.xtec.cat\/ceip-catalunya-sabadell\/?p=3849"},"modified":"2020-12-09T15:11:03","modified_gmt":"2020-12-09T14:11:03","slug":"acrosport-al-parc-catalunya-4rt","status":"publish","type":"post","link":"https:\/\/agora.xtec.cat\/ceip-catalunya-sabadell\/portada\/acrosport-al-parc-catalunya-4rt\/","title":{"rendered":"Acrosport al Parc Catalunya 4t"},"content":{"rendered":"<p>Els grups de 4t hem estat treballant l&#8217;acrosport des de l&#8217;\u00e0rea d&#8217;educaci\u00f3 f\u00edsica. Primer vam practicar a l&#8217;escola fent v\u00e0ries sessions i amb colxonetes. Per acabar, vam pensar que, per l&#8217;\u00faltima sessi\u00f3, seria bona idea practicar a l&#8217;aire lliure. I vam anar al Parc Catalunya on vam gaudir d&#8217;una tarda de sol i acrosport.<\/p>\n<p>Aqu\u00ed en teniu una mostra de <a href=\"https:\/\/photos.app.goo.gl\/ZYNTXwn1cPmwXaHj8\">fotografies.<\/a><\/p>\n<p><a href=\"https:\/\/agora.xtec.cat\/ceip-catalunya-sabadell\/wp-content\/uploads\/usu823\/2020\/12\/IMG-20201203-WA0039.jpg\"><img loading=\"lazy\" decoding=\"async\" class=\"alignnone wp-image-3851\" src=\"https:\/\/agora.xtec.cat\/ceip-catalunya-sabadell\/wp-content\/uploads\/usu823\/2020\/12\/IMG-20201203-WA0039-1024x768.jpg\" alt=\"\" width=\"302\" height=\"226\" srcset=\"https:\/\/agora.xtec.cat\/ceip-catalunya-sabadell\/wp-content\/uploads\/usu823\/2020\/12\/IMG-20201203-WA0039-1024x768.jpg 1024w, https:\/\/agora.xtec.cat\/ceip-catalunya-sabadell\/wp-content\/uploads\/usu823\/2020\/12\/IMG-20201203-WA0039-300x225.jpg 300w, https:\/\/agora.xtec.cat\/ceip-catalunya-sabadell\/wp-content\/uploads\/usu823\/2020\/12\/IMG-20201203-WA0039-768x576.jpg 768w, https:\/\/agora.xtec.cat\/ceip-catalunya-sabadell\/wp-content\/uploads\/usu823\/2020\/12\/IMG-20201203-WA0039-200x150.jpg 200w, https:\/\/agora.xtec.cat\/ceip-catalunya-sabadell\/wp-content\/uploads\/usu823\/2020\/12\/IMG-20201203-WA0039.jpg 1600w\" sizes=\"auto, (max-width: 302px) 100vw, 302px\" \/><\/a><\/p>\n","protected":false},"excerpt":{"rendered":"<p>Els grups de 4t hem estat treballant l&#8217;acrosport des de l&#8217;\u00e0rea d&#8217;educaci\u00f3 f\u00edsica. Primer vam practicar a l&#8217;escola fent v\u00e0ries sessions i amb colxonetes. Per acabar, vam pensar que, per l&#8217;\u00faltima sessi\u00f3, seria bona idea practicar a l&#8217;aire lliure. I vam anar al Parc Catalunya&hellip;  <a href=\"https:\/\/agora.xtec.cat\/ceip-catalunya-sabadell\/portada\/acrosport-al-parc-catalunya-4rt\/\" title=\"Read Acrosport al Parc Catalunya 4t\">Llegeix m\u00e9s\u00bb<\/a><\/p>\n","protected":false},"author":60,"featured_media":3851,"comment_status":"open","ping_status":"closed","sticky":false,"template":"","format":"standard","meta":{"_bbp_topic_count":0,"_bbp_reply_count":0,"_bbp_total_topic_count":0,"_bbp_total_reply_count":0,"_bbp_voice_count":0,"_bbp_anonymous_reply_count":0,"_bbp_topic_count_hidden":0,"_bbp_reply_count_hidden":0,"_bbp_forum_subforum_count":0,"footnotes":""},"categories":[13,4],"tags":[],"class_list":["post-3849","post","type-post","status-publish","format-standard","has-post-thumbnail","hentry","category-4t","category-portada"],"post_mailing_queue_ids":[],"_links":{"self":[{"href":"https:\/\/agora.xtec.cat\/ceip-catalunya-sabadell\/wp-json\/wp\/v2\/posts\/3849","targetHints":{"allow":["GET"]}}],"collection":[{"href":"https:\/\/agora.xtec.cat\/ceip-catalunya-sabadell\/wp-json\/wp\/v2\/posts"}],"about":[{"href":"https:\/\/agora.xtec.cat\/ceip-catalunya-sabadell\/wp-json\/wp\/v2\/types\/post"}],"author":[{"embeddable":true,"href":"https:\/\/agora.xtec.cat\/ceip-catalunya-sabadell\/wp-json\/wp\/v2\/users\/60"}],"replies":[{"embeddable":true,"href":"https:\/\/agora.xtec.cat\/ceip-catalunya-sabadell\/wp-json\/wp\/v2\/comments?post=3849"}],"version-history":[{"count":3,"href":"https:\/\/agora.xtec.cat\/ceip-catalunya-sabadell\/wp-json\/wp\/v2\/posts\/3849\/revisions"}],"predecessor-version":[{"id":3860,"href":"https:\/\/agora.xtec.cat\/ceip-catalunya-sabadell\/wp-json\/wp\/v2\/posts\/3849\/revisions\/3860"}],"wp:featuredmedia":[{"embeddable":true,"href":"https:\/\/agora.xtec.cat\/ceip-catalunya-sabadell\/wp-json\/wp\/v2\/media\/3851"}],"wp:attachment":[{"href":"https:\/\/agora.xtec.cat\/ceip-catalunya-sabadell\/wp-json\/wp\/v2\/media?parent=3849"}],"wp:term":[{"taxonomy":"category","embeddable":true,"href":"https:\/\/agora.xtec.cat\/ceip-catalunya-sabadell\/wp-json\/wp\/v2\/categories?post=3849"},{"taxonomy":"post_tag","embeddable":true,"href":"https:\/\/agora.xtec.cat\/ceip-catalunya-sabadell\/wp-json\/wp\/v2\/tags?post=3849"}],"curies":[{"name":"wp","href":"https:\/\/api.w.org\/{rel}","templated":true}]}}