{"id":3834,"date":"2020-12-09T08:48:42","date_gmt":"2020-12-09T07:48:42","guid":{"rendered":"http:\/\/agora.xtec.cat\/ceip-catalunya-sabadell\/?p=3834"},"modified":"2020-12-09T08:48:42","modified_gmt":"2020-12-09T07:48:42","slug":"preparem-el-concert-de-nadal","status":"publish","type":"post","link":"https:\/\/agora.xtec.cat\/ceip-catalunya-sabadell\/musica\/preparem-el-concert-de-nadal\/","title":{"rendered":"PREPAREM EL CONCERT DE NADAL."},"content":{"rendered":"<p style=\"text-align: left;\">Estrenem mes de desembre, i amb la seva arribada comen\u00e7em a preparar el Nadal. A la classe dels <em>\u00d3ssos<\/em> i els <em>Esquirols<\/em> ja fa dies que es van coent cosetes, comen\u00e7em a posar-hi m\u00fasica!.<\/p>\n<p>Aqu\u00ed us deixo la canc\u00f3 que estem preparant per que la pugue-ho escoltar i aneu practicant.<\/p>\n<p><iframe loading=\"lazy\" title=\"UNA CARTA ALS REIS FAR\u00c9.\" width=\"500\" height=\"281\" src=\"https:\/\/www.youtube.com\/embed\/6XecoosySlw?feature=oembed\" frameborder=\"0\" allow=\"accelerometer; autoplay; clipboard-write; encrypted-media; gyroscope; picture-in-picture; web-share\" referrerpolicy=\"strict-origin-when-cross-origin\" allowfullscreen><\/iframe><\/p>\n<p>Tamb\u00e9 us deixo la cantarella amb la que aviat \u00a0farem cagar el Ti\u00f3.<\/p>\n<!--[if lt IE 9]><script>document.createElement('audio');<\/script><![endif]-->\n<audio class=\"wp-audio-shortcode\" id=\"audio-3834-1\" preload=\"none\" style=\"width: 100%;\" controls=\"controls\"><source type=\"audio\/mpeg\" src=\"https:\/\/agora.xtec.cat\/ceip-catalunya-sabadell\/wp-content\/uploads\/usu823\/2020\/12\/Nueva-grabaci\u00f3n-3.m4a?_=1\" \/><a href=\"https:\/\/agora.xtec.cat\/ceip-catalunya-sabadell\/wp-content\/uploads\/usu823\/2020\/12\/Nueva-grabaci\u00f3n-3.m4a\">https:\/\/agora.xtec.cat\/ceip-catalunya-sabadell\/wp-content\/uploads\/usu823\/2020\/12\/Nueva-grabaci\u00f3n-3.m4a<\/a><\/audio>\n<p>Fins aviat<\/p>\n","protected":false},"excerpt":{"rendered":"<p>Estrenem mes de desembre, i amb la seva arribada comen\u00e7em a preparar el Nadal. A la classe dels \u00d3ssos i els Esquirols ja fa dies que es van coent cosetes, comen\u00e7em a posar-hi m\u00fasica!.<br \/>\nAqu\u00ed us deixo la canc\u00f3 que estem preparant per que la pugue-ho&hellip;  <a href=\"https:\/\/agora.xtec.cat\/ceip-catalunya-sabadell\/musica\/preparem-el-concert-de-nadal\/\" title=\"Read PREPAREM EL CONCERT DE NADAL.\">Llegeix m\u00e9s\u00bb<\/a><\/p>\n","protected":false},"author":16,"featured_media":3847,"comment_status":"open","ping_status":"closed","sticky":false,"template":"","format":"standard","meta":{"_bbp_topic_count":0,"_bbp_reply_count":0,"_bbp_total_topic_count":0,"_bbp_total_reply_count":0,"_bbp_voice_count":0,"_bbp_anonymous_reply_count":0,"_bbp_topic_count_hidden":0,"_bbp_reply_count_hidden":0,"_bbp_forum_subforum_count":0,"footnotes":""},"categories":[124,44],"tags":[],"class_list":["post-3834","post","type-post","status-publish","format-standard","has-post-thumbnail","hentry","category-promocio-20-29","category-musica"],"post_mailing_queue_ids":[],"_links":{"self":[{"href":"https:\/\/agora.xtec.cat\/ceip-catalunya-sabadell\/wp-json\/wp\/v2\/posts\/3834","targetHints":{"allow":["GET"]}}],"collection":[{"href":"https:\/\/agora.xtec.cat\/ceip-catalunya-sabadell\/wp-json\/wp\/v2\/posts"}],"about":[{"href":"https:\/\/agora.xtec.cat\/ceip-catalunya-sabadell\/wp-json\/wp\/v2\/types\/post"}],"author":[{"embeddable":true,"href":"https:\/\/agora.xtec.cat\/ceip-catalunya-sabadell\/wp-json\/wp\/v2\/users\/16"}],"replies":[{"embeddable":true,"href":"https:\/\/agora.xtec.cat\/ceip-catalunya-sabadell\/wp-json\/wp\/v2\/comments?post=3834"}],"version-history":[{"count":3,"href":"https:\/\/agora.xtec.cat\/ceip-catalunya-sabadell\/wp-json\/wp\/v2\/posts\/3834\/revisions"}],"predecessor-version":[{"id":3848,"href":"https:\/\/agora.xtec.cat\/ceip-catalunya-sabadell\/wp-json\/wp\/v2\/posts\/3834\/revisions\/3848"}],"wp:featuredmedia":[{"embeddable":true,"href":"https:\/\/agora.xtec.cat\/ceip-catalunya-sabadell\/wp-json\/wp\/v2\/media\/3847"}],"wp:attachment":[{"href":"https:\/\/agora.xtec.cat\/ceip-catalunya-sabadell\/wp-json\/wp\/v2\/media?parent=3834"}],"wp:term":[{"taxonomy":"category","embeddable":true,"href":"https:\/\/agora.xtec.cat\/ceip-catalunya-sabadell\/wp-json\/wp\/v2\/categories?post=3834"},{"taxonomy":"post_tag","embeddable":true,"href":"https:\/\/agora.xtec.cat\/ceip-catalunya-sabadell\/wp-json\/wp\/v2\/tags?post=3834"}],"curies":[{"name":"wp","href":"https:\/\/api.w.org\/{rel}","templated":true}]}}