{"id":3803,"date":"2020-11-23T13:27:31","date_gmt":"2020-11-23T12:27:31","guid":{"rendered":"http:\/\/agora.xtec.cat\/ceip-catalunya-sabadell\/?p=3803"},"modified":"2020-11-23T13:27:31","modified_gmt":"2020-11-23T12:27:31","slug":"sortida-a-la-mola-4t","status":"publish","type":"post","link":"https:\/\/agora.xtec.cat\/ceip-catalunya-sabadell\/portada\/sortida-a-la-mola-4t\/","title":{"rendered":"Sortida a la Mola, 4t"},"content":{"rendered":"<p>Aquest any els grups de 4rt estem aprenent com \u00e9s el paisatge de Catalunya, les comarques i les seves caracter\u00edstiques. Per aix\u00f2, vam decidir pujar a la Mola, ja que des d&#8217;all\u00e0 dalt hi ha un panorama preci\u00f3s de tot el paisatge que ens envolta.<\/p>\n<p>El dia que vam pujar ens va fer un dia espl\u00e8ndid i vam poder gaudir d&#8217;unes vistes espectaculars. Vam gaudir de la pujada, del solet, de la natura i dels companys i companyes. Va ser un dia per recordar.<\/p>\n<p>Si cliqueu l&#8217;enlla\u00e7 trobareu les fotografies que vam fer aquell dia.<\/p>\n<p><a href=\"https:\/\/photos.app.goo.gl\/yGpMiqk3sCC1B73h9\">https:\/\/photos.app.goo.gl\/yGpMiqk3sCC1B73h9<\/a><\/p>\n","protected":false},"excerpt":{"rendered":"<p>Aquest any els grups de 4rt estem aprenent com \u00e9s el paisatge de Catalunya, les comarques i les seves caracter\u00edstiques. Per aix\u00f2, vam decidir pujar a la Mola, ja que des d&#8217;all\u00e0 dalt hi ha un panorama preci\u00f3s de tot el paisatge que ens envolta.<br \/>\nEl&hellip;  <a href=\"https:\/\/agora.xtec.cat\/ceip-catalunya-sabadell\/portada\/sortida-a-la-mola-4t\/\" title=\"Read Sortida a la Mola, 4t\">Llegeix m\u00e9s\u00bb<\/a><\/p>\n","protected":false},"author":60,"featured_media":3804,"comment_status":"closed","ping_status":"closed","sticky":false,"template":"","format":"standard","meta":{"_bbp_topic_count":0,"_bbp_reply_count":0,"_bbp_total_topic_count":0,"_bbp_total_reply_count":0,"_bbp_voice_count":0,"_bbp_anonymous_reply_count":0,"_bbp_topic_count_hidden":0,"_bbp_reply_count_hidden":0,"_bbp_forum_subforum_count":0,"footnotes":""},"categories":[13,4],"tags":[],"class_list":["post-3803","post","type-post","status-publish","format-standard","has-post-thumbnail","hentry","category-4t","category-portada"],"post_mailing_queue_ids":[],"_links":{"self":[{"href":"https:\/\/agora.xtec.cat\/ceip-catalunya-sabadell\/wp-json\/wp\/v2\/posts\/3803","targetHints":{"allow":["GET"]}}],"collection":[{"href":"https:\/\/agora.xtec.cat\/ceip-catalunya-sabadell\/wp-json\/wp\/v2\/posts"}],"about":[{"href":"https:\/\/agora.xtec.cat\/ceip-catalunya-sabadell\/wp-json\/wp\/v2\/types\/post"}],"author":[{"embeddable":true,"href":"https:\/\/agora.xtec.cat\/ceip-catalunya-sabadell\/wp-json\/wp\/v2\/users\/60"}],"replies":[{"embeddable":true,"href":"https:\/\/agora.xtec.cat\/ceip-catalunya-sabadell\/wp-json\/wp\/v2\/comments?post=3803"}],"version-history":[{"count":1,"href":"https:\/\/agora.xtec.cat\/ceip-catalunya-sabadell\/wp-json\/wp\/v2\/posts\/3803\/revisions"}],"predecessor-version":[{"id":3805,"href":"https:\/\/agora.xtec.cat\/ceip-catalunya-sabadell\/wp-json\/wp\/v2\/posts\/3803\/revisions\/3805"}],"wp:featuredmedia":[{"embeddable":true,"href":"https:\/\/agora.xtec.cat\/ceip-catalunya-sabadell\/wp-json\/wp\/v2\/media\/3804"}],"wp:attachment":[{"href":"https:\/\/agora.xtec.cat\/ceip-catalunya-sabadell\/wp-json\/wp\/v2\/media?parent=3803"}],"wp:term":[{"taxonomy":"category","embeddable":true,"href":"https:\/\/agora.xtec.cat\/ceip-catalunya-sabadell\/wp-json\/wp\/v2\/categories?post=3803"},{"taxonomy":"post_tag","embeddable":true,"href":"https:\/\/agora.xtec.cat\/ceip-catalunya-sabadell\/wp-json\/wp\/v2\/tags?post=3803"}],"curies":[{"name":"wp","href":"https:\/\/api.w.org\/{rel}","templated":true}]}}