{"id":3800,"date":"2020-11-11T19:36:16","date_gmt":"2020-11-11T18:36:16","guid":{"rendered":"http:\/\/agora.xtec.cat\/ceip-catalunya-sabadell\/?p=3800"},"modified":"2020-11-11T19:36:16","modified_gmt":"2020-11-11T18:36:16","slug":"castanyada-cicle-inicial","status":"publish","type":"post","link":"https:\/\/agora.xtec.cat\/ceip-catalunya-sabadell\/portada\/castanyada-cicle-inicial\/","title":{"rendered":"CASTANYADA &#8211; CICLE INICIAL"},"content":{"rendered":"<p>Hola,\u00a0fam\u00edlies!<\/p>\n<p>Aquest any, els alumnes de cicle inicial hem celebrat una castanyada diferent per\u00f2 ben divertida!<\/p>\n<p>Tot i que la covid no ens ha deixat ensenyar-vos en directe totes aquelles activitats que hem realitzat, com ara&#8230; un esmorzar d&#8217;all\u00f2 m\u00e9s castanyer, la visita de la Maria Castanyera, unes danses ben r\u00edtmiques, entre d&#8217;altres, hem decidit fer-vos un recull d&#8217;imatges i v\u00eddeos perqu\u00e8 gaudiu tant com nosaltres!!<\/p>\n<p>Aqu\u00ed teniu:<\/p>\n<ul>\n<li>Recull d&#8217;imatges:<\/li>\n<\/ul>\n<p><iframe loading=\"lazy\" src=\"\/\/www.youtube.com\/embed\/KULpzCFGgs4\" width=\"560\" height=\"315\" frameborder=\"0\"><\/iframe><\/p>\n<ul>\n<li>1r A. Dansa de la castanyada<\/li>\n<\/ul>\n<p><iframe loading=\"lazy\" src=\"\/\/www.youtube.com\/embed\/3_oLcHf4hdY\" width=\"560\" height=\"315\" frameborder=\"0\"><\/iframe><\/p>\n<ul>\n<li>1r A. Can\u00e7\u00f3 de Halloween<\/li>\n<\/ul>\n<p><iframe loading=\"lazy\" src=\"\/\/www.youtube.com\/embed\/eiFF_th-DRQ\" width=\"560\" height=\"315\" frameborder=\"0\"><\/iframe><\/p>\n<ul>\n<li>1r B. Dansa de la castanyada<\/li>\n<\/ul>\n<p><iframe loading=\"lazy\" src=\"\/\/www.youtube.com\/embed\/dDLTmi2jJFw\" width=\"560\" height=\"315\" frameborder=\"0\"><\/iframe><\/p>\n<ul>\n<li>1r B. Can\u00e7\u00f3 de Halloween<\/li>\n<\/ul>\n<p><iframe loading=\"lazy\" src=\"\/\/www.youtube.com\/embed\/J1L2TPo0dKQ\" width=\"560\" height=\"315\" frameborder=\"0\"><\/iframe><\/p>\n<ul>\n<li>2n A. Dansa de la castanyada<\/li>\n<\/ul>\n<p><iframe loading=\"lazy\" src=\"\/\/www.youtube.com\/embed\/uo-Ko3fee4E\" width=\"560\" height=\"315\" frameborder=\"0\"><\/iframe><\/p>\n<ul>\n<li>2n A. Can\u00e7\u00f3 de Halloween<\/li>\n<\/ul>\n<p><iframe loading=\"lazy\" src=\"\/\/www.youtube.com\/embed\/ZCZLvG15bZ0\" width=\"560\" height=\"315\" frameborder=\"0\"><\/iframe><\/p>\n<ul>\n<li>2n B. Dansa de la castanyada<\/li>\n<\/ul>\n<p><iframe loading=\"lazy\" src=\"\/\/www.youtube.com\/embed\/NHqGFoOAChY\" width=\"560\" height=\"315\" frameborder=\"0\"><\/iframe><\/p>\n<ul>\n<li>2n B. Can\u00e7\u00f3 de Halloween<\/li>\n<\/ul>\n<p><iframe loading=\"lazy\" src=\"\/\/www.youtube.com\/embed\/jG9Fe0CpfEY\" width=\"560\" height=\"315\" frameborder=\"0\"><\/iframe><\/p>\n","protected":false},"excerpt":{"rendered":"<p>Hola,\u00a0fam\u00edlies!<br \/>\nAquest any, els alumnes de cicle inicial hem celebrat una castanyada diferent per\u00f2 ben divertida!<br \/>\nTot i que la covid no ens ha deixat ensenyar-vos en directe totes aquelles activitats que hem realitzat, com ara&#8230; un esmorzar d&#8217;all\u00f2 m\u00e9s castanyer, la visita de la Maria Castanyera,&hellip;  <a href=\"https:\/\/agora.xtec.cat\/ceip-catalunya-sabadell\/portada\/castanyada-cicle-inicial\/\" title=\"Read CASTANYADA &#8211; CICLE INICIAL\">Llegeix m\u00e9s\u00bb<\/a><\/p>\n","protected":false},"author":3,"featured_media":3802,"comment_status":"open","ping_status":"closed","sticky":false,"template":"","format":"standard","meta":{"_bbp_topic_count":0,"_bbp_reply_count":0,"_bbp_total_topic_count":0,"_bbp_total_reply_count":0,"_bbp_voice_count":0,"_bbp_anonymous_reply_count":0,"_bbp_topic_count_hidden":0,"_bbp_reply_count_hidden":0,"_bbp_forum_subforum_count":0,"footnotes":""},"categories":[36,4],"tags":[],"class_list":["post-3800","post","type-post","status-publish","format-standard","has-post-thumbnail","hentry","category-festes","category-portada"],"post_mailing_queue_ids":[],"_links":{"self":[{"href":"https:\/\/agora.xtec.cat\/ceip-catalunya-sabadell\/wp-json\/wp\/v2\/posts\/3800","targetHints":{"allow":["GET"]}}],"collection":[{"href":"https:\/\/agora.xtec.cat\/ceip-catalunya-sabadell\/wp-json\/wp\/v2\/posts"}],"about":[{"href":"https:\/\/agora.xtec.cat\/ceip-catalunya-sabadell\/wp-json\/wp\/v2\/types\/post"}],"author":[{"embeddable":true,"href":"https:\/\/agora.xtec.cat\/ceip-catalunya-sabadell\/wp-json\/wp\/v2\/users\/3"}],"replies":[{"embeddable":true,"href":"https:\/\/agora.xtec.cat\/ceip-catalunya-sabadell\/wp-json\/wp\/v2\/comments?post=3800"}],"version-history":[{"count":1,"href":"https:\/\/agora.xtec.cat\/ceip-catalunya-sabadell\/wp-json\/wp\/v2\/posts\/3800\/revisions"}],"predecessor-version":[{"id":3801,"href":"https:\/\/agora.xtec.cat\/ceip-catalunya-sabadell\/wp-json\/wp\/v2\/posts\/3800\/revisions\/3801"}],"wp:featuredmedia":[{"embeddable":true,"href":"https:\/\/agora.xtec.cat\/ceip-catalunya-sabadell\/wp-json\/wp\/v2\/media\/3802"}],"wp:attachment":[{"href":"https:\/\/agora.xtec.cat\/ceip-catalunya-sabadell\/wp-json\/wp\/v2\/media?parent=3800"}],"wp:term":[{"taxonomy":"category","embeddable":true,"href":"https:\/\/agora.xtec.cat\/ceip-catalunya-sabadell\/wp-json\/wp\/v2\/categories?post=3800"},{"taxonomy":"post_tag","embeddable":true,"href":"https:\/\/agora.xtec.cat\/ceip-catalunya-sabadell\/wp-json\/wp\/v2\/tags?post=3800"}],"curies":[{"name":"wp","href":"https:\/\/api.w.org\/{rel}","templated":true}]}}