{"id":3796,"date":"2020-11-11T12:47:24","date_gmt":"2020-11-11T11:47:24","guid":{"rendered":"http:\/\/agora.xtec.cat\/ceip-catalunya-sabadell\/?p=3796"},"modified":"2020-11-11T12:47:43","modified_gmt":"2020-11-11T11:47:43","slug":"la-castanyada-al-cm-2","status":"publish","type":"post","link":"https:\/\/agora.xtec.cat\/ceip-catalunya-sabadell\/portada\/la-castanyada-al-cm-2\/","title":{"rendered":"La Castanyada al CM"},"content":{"rendered":"<p>Les nenes i els nens de Cicle Mitj\u00e0 hem celebrat la Castanyada d&#8217;enguany d&#8217;una manera una mica diferent. No hem pogut fer els panellets bon\u00edssims de cada any, per\u00f2 ens els hem portat de casa fent un esmorzar tardorenc d&#8217;all\u00f2 m\u00e9s bo. Tamb\u00e9 hem decorat l&#8217;escola per donar-li caliu de tardor. I hem preparat les danses que us compartim al v\u00eddeo. Hem explicat hist\u00f2ries antigues de dones castanyeres i hem gaudit molt d&#8217;aquesta festa tan nostra.<\/p>\n<p>Si voleu veure un tastet de tot aix\u00f2 que us expliquem nom\u00e9s heu de clicar el v\u00eddeo!!!<\/p>\n<p>&nbsp;<\/p>\n<p><iframe loading=\"lazy\" src=\"\/\/www.youtube.com\/embed\/ebZvWQ7KQKg\" width=\"560\" height=\"314\"><\/iframe><\/p>\n<p>&nbsp;<\/p>\n","protected":false},"excerpt":{"rendered":"<p>Les nenes i els nens de Cicle Mitj\u00e0 hem celebrat la Castanyada d&#8217;enguany d&#8217;una manera una mica diferent. No hem pogut fer els panellets bon\u00edssims de cada any, per\u00f2 ens els hem portat de casa fent un esmorzar tardorenc d&#8217;all\u00f2 m\u00e9s bo. Tamb\u00e9 hem decorat&hellip;  <a href=\"https:\/\/agora.xtec.cat\/ceip-catalunya-sabadell\/portada\/la-castanyada-al-cm-2\/\" title=\"Read La Castanyada al CM\">Llegeix m\u00e9s\u00bb<\/a><\/p>\n","protected":false},"author":60,"featured_media":3798,"comment_status":"open","ping_status":"closed","sticky":false,"template":"","format":"standard","meta":{"_bbp_topic_count":0,"_bbp_reply_count":0,"_bbp_total_topic_count":0,"_bbp_total_reply_count":0,"_bbp_voice_count":0,"_bbp_anonymous_reply_count":0,"_bbp_topic_count_hidden":0,"_bbp_reply_count_hidden":0,"_bbp_forum_subforum_count":0,"footnotes":""},"categories":[13,36,4],"tags":[],"class_list":["post-3796","post","type-post","status-publish","format-standard","has-post-thumbnail","hentry","category-4t","category-festes","category-portada"],"post_mailing_queue_ids":[],"_links":{"self":[{"href":"https:\/\/agora.xtec.cat\/ceip-catalunya-sabadell\/wp-json\/wp\/v2\/posts\/3796","targetHints":{"allow":["GET"]}}],"collection":[{"href":"https:\/\/agora.xtec.cat\/ceip-catalunya-sabadell\/wp-json\/wp\/v2\/posts"}],"about":[{"href":"https:\/\/agora.xtec.cat\/ceip-catalunya-sabadell\/wp-json\/wp\/v2\/types\/post"}],"author":[{"embeddable":true,"href":"https:\/\/agora.xtec.cat\/ceip-catalunya-sabadell\/wp-json\/wp\/v2\/users\/60"}],"replies":[{"embeddable":true,"href":"https:\/\/agora.xtec.cat\/ceip-catalunya-sabadell\/wp-json\/wp\/v2\/comments?post=3796"}],"version-history":[{"count":2,"href":"https:\/\/agora.xtec.cat\/ceip-catalunya-sabadell\/wp-json\/wp\/v2\/posts\/3796\/revisions"}],"predecessor-version":[{"id":3799,"href":"https:\/\/agora.xtec.cat\/ceip-catalunya-sabadell\/wp-json\/wp\/v2\/posts\/3796\/revisions\/3799"}],"wp:featuredmedia":[{"embeddable":true,"href":"https:\/\/agora.xtec.cat\/ceip-catalunya-sabadell\/wp-json\/wp\/v2\/media\/3798"}],"wp:attachment":[{"href":"https:\/\/agora.xtec.cat\/ceip-catalunya-sabadell\/wp-json\/wp\/v2\/media?parent=3796"}],"wp:term":[{"taxonomy":"category","embeddable":true,"href":"https:\/\/agora.xtec.cat\/ceip-catalunya-sabadell\/wp-json\/wp\/v2\/categories?post=3796"},{"taxonomy":"post_tag","embeddable":true,"href":"https:\/\/agora.xtec.cat\/ceip-catalunya-sabadell\/wp-json\/wp\/v2\/tags?post=3796"}],"curies":[{"name":"wp","href":"https:\/\/api.w.org\/{rel}","templated":true}]}}