{"id":3788,"date":"2020-11-11T10:00:31","date_gmt":"2020-11-11T09:00:31","guid":{"rendered":"http:\/\/agora.xtec.cat\/ceip-catalunya-sabadell\/?p=3788"},"modified":"2020-11-11T10:00:31","modified_gmt":"2020-11-11T09:00:31","slug":"la-castanyada-a-cicle-superior","status":"publish","type":"post","link":"https:\/\/agora.xtec.cat\/ceip-catalunya-sabadell\/portada\/la-castanyada-a-cicle-superior\/","title":{"rendered":"LA CASTANYADA a CICLE SUPERIOR"},"content":{"rendered":"<p>Ballar danses, fer manualitats, escoltar contes, mirar historietes, menjar crispetes, cantar can\u00e7ons &#8220;de Halloween&#8221; en English, decorar l&#8217;escola, esmorzar panellets, castanyes i moniatos&#8230; Aix\u00ed \u00e9s com vam celebrar La Castanyada a 5\u00e8 i 6\u00e8!!!<\/p>\n<p>Us compartim aquest recull de fotos i v\u00eddeos perqu\u00e8 pogueu gaudir d&#8217;aquests moments tant com ho vam fer nosaltres a l&#8217;escola!<\/p>\n<p><iframe loading=\"lazy\" src=\"\/\/www.youtube.com\/embed\/BEvQlpJ4J2k\" width=\"560\" height=\"315\" frameborder=\"0\"><\/iframe><\/p>\n<p>Aqu\u00ed us deixem un recull dels v\u00eddeos de les danses de La Castanyada i les can\u00e7ons de Halloween:<\/p>\n<p><strong>5\u00e8:<\/strong><\/p>\n<ul>\n<li><strong>Dansa &#8220;L&#8217;Hereu Riera&#8221;:<\/strong><\/li>\n<\/ul>\n<p><iframe loading=\"lazy\" src=\"\/\/www.youtube.com\/embed\/tW3ajk2QKy4\" width=\"560\" height=\"315\" frameborder=\"0\"><\/iframe><\/p>\n<ul>\n<li><strong>Song &#8220;Ghostbusters&#8221;:<\/strong><\/li>\n<\/ul>\n<p><iframe loading=\"lazy\" src=\"\/\/www.youtube.com\/embed\/jLJTX08xdps\" width=\"560\" height=\"315\" frameborder=\"0\"><\/iframe><\/p>\n<p><strong>6\u00e8<\/strong><\/p>\n<ul>\n<li><strong>Dansa &#8220;Virolet&#8221;:<\/strong><\/li>\n<\/ul>\n<p><iframe loading=\"lazy\" src=\"\/\/www.youtube.com\/embed\/YcID1KQ4KM4\" width=\"560\" height=\"315\" frameborder=\"0\"><\/iframe><\/p>\n<ul>\n<li><strong>Song &#8220;Thriller&#8221;:<\/strong><\/li>\n<\/ul>\n<p><iframe loading=\"lazy\" src=\"\/\/www.youtube.com\/embed\/qlx4Nkwr00c\" width=\"560\" height=\"315\" frameborder=\"0\"><\/iframe><\/p>\n<p>&nbsp;<\/p>\n","protected":false},"excerpt":{"rendered":"<p>Ballar danses, fer manualitats, escoltar contes, mirar historietes, menjar crispetes, cantar can\u00e7ons &#8220;de Halloween&#8221; en English, decorar l&#8217;escola, esmorzar panellets, castanyes i moniatos&#8230; Aix\u00ed \u00e9s com vam celebrar La Castanyada a 5\u00e8 i 6\u00e8!!!<br \/>\nUs compartim aquest recull de fotos i v\u00eddeos perqu\u00e8 pogueu gaudir d&#8217;aquests&hellip;  <a href=\"https:\/\/agora.xtec.cat\/ceip-catalunya-sabadell\/portada\/la-castanyada-a-cicle-superior\/\" title=\"Read LA CASTANYADA a CICLE SUPERIOR\">Llegeix m\u00e9s\u00bb<\/a><\/p>\n","protected":false},"author":74,"featured_media":3794,"comment_status":"open","ping_status":"closed","sticky":false,"template":"","format":"standard","meta":{"_bbp_topic_count":0,"_bbp_reply_count":0,"_bbp_total_topic_count":0,"_bbp_total_reply_count":0,"_bbp_voice_count":0,"_bbp_anonymous_reply_count":0,"_bbp_topic_count_hidden":0,"_bbp_reply_count_hidden":0,"_bbp_forum_subforum_count":0,"footnotes":""},"categories":[14,15,36,4],"tags":[],"class_list":["post-3788","post","type-post","status-publish","format-standard","has-post-thumbnail","hentry","category-5e","category-6e","category-festes","category-portada"],"post_mailing_queue_ids":[],"_links":{"self":[{"href":"https:\/\/agora.xtec.cat\/ceip-catalunya-sabadell\/wp-json\/wp\/v2\/posts\/3788","targetHints":{"allow":["GET"]}}],"collection":[{"href":"https:\/\/agora.xtec.cat\/ceip-catalunya-sabadell\/wp-json\/wp\/v2\/posts"}],"about":[{"href":"https:\/\/agora.xtec.cat\/ceip-catalunya-sabadell\/wp-json\/wp\/v2\/types\/post"}],"author":[{"embeddable":true,"href":"https:\/\/agora.xtec.cat\/ceip-catalunya-sabadell\/wp-json\/wp\/v2\/users\/74"}],"replies":[{"embeddable":true,"href":"https:\/\/agora.xtec.cat\/ceip-catalunya-sabadell\/wp-json\/wp\/v2\/comments?post=3788"}],"version-history":[{"count":3,"href":"https:\/\/agora.xtec.cat\/ceip-catalunya-sabadell\/wp-json\/wp\/v2\/posts\/3788\/revisions"}],"predecessor-version":[{"id":3795,"href":"https:\/\/agora.xtec.cat\/ceip-catalunya-sabadell\/wp-json\/wp\/v2\/posts\/3788\/revisions\/3795"}],"wp:featuredmedia":[{"embeddable":true,"href":"https:\/\/agora.xtec.cat\/ceip-catalunya-sabadell\/wp-json\/wp\/v2\/media\/3794"}],"wp:attachment":[{"href":"https:\/\/agora.xtec.cat\/ceip-catalunya-sabadell\/wp-json\/wp\/v2\/media?parent=3788"}],"wp:term":[{"taxonomy":"category","embeddable":true,"href":"https:\/\/agora.xtec.cat\/ceip-catalunya-sabadell\/wp-json\/wp\/v2\/categories?post=3788"},{"taxonomy":"post_tag","embeddable":true,"href":"https:\/\/agora.xtec.cat\/ceip-catalunya-sabadell\/wp-json\/wp\/v2\/tags?post=3788"}],"curies":[{"name":"wp","href":"https:\/\/api.w.org\/{rel}","templated":true}]}}