{"id":3785,"date":"2020-11-06T12:06:39","date_gmt":"2020-11-06T11:06:39","guid":{"rendered":"http:\/\/agora.xtec.cat\/ceip-catalunya-sabadell\/?p=3785"},"modified":"2020-11-06T12:06:39","modified_gmt":"2020-11-06T11:06:39","slug":"castanyada-educacio-infantil","status":"publish","type":"post","link":"https:\/\/agora.xtec.cat\/ceip-catalunya-sabadell\/portada\/castanyada-educacio-infantil\/","title":{"rendered":"CASTANYADA EDUCACI\u00d3 INFANTIL"},"content":{"rendered":"<p>&nbsp;<\/p>\n<p>Els alumnes d&#8217;educaci\u00f3 infantil hem celebrat la castanyada\u00a0 d&#8217;una manera molt divertida: ballant danses, decorant l&#8217;escola amb detalls de la tardor, jugant, menjant castanyes i panellets per esmorzar, escoltant contes de la castanyera i compartint moltes emocions.<\/p>\n<p>En aquest v\u00eddeo hi trobareu un recull de fotos i els v\u00eddeos de les danses de tots els cursos d&#8217;educaci\u00f3 infantil.<\/p>\n<p>Esperem que gaudiu molt!!!!<\/p>\n<p>&nbsp;<\/p>\n<p><a href=\"https:\/\/youtu.be\/Ms4XBzm6fNk\">https:\/\/youtu.be\/Ms4XBzm6fNk<\/a><\/p>\n","protected":false},"excerpt":{"rendered":"<p>&nbsp;<br \/>\nEls alumnes d&#8217;educaci\u00f3 infantil hem celebrat la castanyada\u00a0 d&#8217;una manera molt divertida: ballant danses, decorant l&#8217;escola amb detalls de la tardor, jugant, menjant castanyes i panellets per esmorzar, escoltant contes de la castanyera i compartint moltes emocions.<br \/>\nEn aquest v\u00eddeo hi trobareu un recull de fotos&hellip;  <a href=\"https:\/\/agora.xtec.cat\/ceip-catalunya-sabadell\/portada\/castanyada-educacio-infantil\/\" title=\"Read CASTANYADA EDUCACI\u00d3 INFANTIL\">Llegeix m\u00e9s\u00bb<\/a><\/p>\n","protected":false},"author":5,"featured_media":3786,"comment_status":"open","ping_status":"closed","sticky":false,"template":"","format":"standard","meta":{"_bbp_topic_count":0,"_bbp_reply_count":0,"_bbp_total_topic_count":0,"_bbp_total_reply_count":0,"_bbp_voice_count":0,"_bbp_anonymous_reply_count":0,"_bbp_topic_count_hidden":0,"_bbp_reply_count_hidden":0,"_bbp_forum_subforum_count":0,"footnotes":""},"categories":[36,4],"tags":[],"class_list":["post-3785","post","type-post","status-publish","format-standard","has-post-thumbnail","hentry","category-festes","category-portada"],"post_mailing_queue_ids":[],"_links":{"self":[{"href":"https:\/\/agora.xtec.cat\/ceip-catalunya-sabadell\/wp-json\/wp\/v2\/posts\/3785","targetHints":{"allow":["GET"]}}],"collection":[{"href":"https:\/\/agora.xtec.cat\/ceip-catalunya-sabadell\/wp-json\/wp\/v2\/posts"}],"about":[{"href":"https:\/\/agora.xtec.cat\/ceip-catalunya-sabadell\/wp-json\/wp\/v2\/types\/post"}],"author":[{"embeddable":true,"href":"https:\/\/agora.xtec.cat\/ceip-catalunya-sabadell\/wp-json\/wp\/v2\/users\/5"}],"replies":[{"embeddable":true,"href":"https:\/\/agora.xtec.cat\/ceip-catalunya-sabadell\/wp-json\/wp\/v2\/comments?post=3785"}],"version-history":[{"count":1,"href":"https:\/\/agora.xtec.cat\/ceip-catalunya-sabadell\/wp-json\/wp\/v2\/posts\/3785\/revisions"}],"predecessor-version":[{"id":3787,"href":"https:\/\/agora.xtec.cat\/ceip-catalunya-sabadell\/wp-json\/wp\/v2\/posts\/3785\/revisions\/3787"}],"wp:featuredmedia":[{"embeddable":true,"href":"https:\/\/agora.xtec.cat\/ceip-catalunya-sabadell\/wp-json\/wp\/v2\/media\/3786"}],"wp:attachment":[{"href":"https:\/\/agora.xtec.cat\/ceip-catalunya-sabadell\/wp-json\/wp\/v2\/media?parent=3785"}],"wp:term":[{"taxonomy":"category","embeddable":true,"href":"https:\/\/agora.xtec.cat\/ceip-catalunya-sabadell\/wp-json\/wp\/v2\/categories?post=3785"},{"taxonomy":"post_tag","embeddable":true,"href":"https:\/\/agora.xtec.cat\/ceip-catalunya-sabadell\/wp-json\/wp\/v2\/tags?post=3785"}],"curies":[{"name":"wp","href":"https:\/\/api.w.org\/{rel}","templated":true}]}}