{"id":3763,"date":"2020-11-05T15:47:37","date_gmt":"2020-11-05T14:47:37","guid":{"rendered":"http:\/\/agora.xtec.cat\/ceip-catalunya-sabadell\/?p=3763"},"modified":"2020-11-05T15:48:40","modified_gmt":"2020-11-05T14:48:40","slug":"dia-mundial-dels-tsunamis","status":"publish","type":"post","link":"https:\/\/agora.xtec.cat\/ceip-catalunya-sabadell\/portada\/dia-mundial-dels-tsunamis\/","title":{"rendered":"Dia mundial dels Tsunamis"},"content":{"rendered":"<p>Avui 5 de novembre \u00e9s el dia mundial del Tsunami i durant aquesta setmana per grups hem buscant informaci\u00f3 sobre que \u00e9s un Tsunami, els signes d&#8217;alerta i que s&#8217;ha de fer en cas que s&#8217;apropi un Tsunami. Hem elaborat uns cartells explicatius que hem penjat en un lloc visible de l&#8217;escola. Tamb\u00e9 avui al mati i a la tarda hem explicat pel fil musical de l&#8217;escola una part de tot el que hem descobert en relaci\u00f3 als Tsunamis i aix\u00ed compartir-ho amb la resta de companys i companyes de l&#8217;escola i donar a con\u00e8ixer que avui \u00e9s el dia commemoratiu pels Tsunamis.\u00a0<a href=\"https:\/\/agora.xtec.cat\/ceip-catalunya-sabadell\/wp-content\/uploads\/usu823\/2020\/11\/IMG_1126.jpg\"><img loading=\"lazy\" decoding=\"async\" class=\"size-large wp-image-3776 alignleft\" src=\"https:\/\/agora.xtec.cat\/ceip-catalunya-sabadell\/wp-content\/uploads\/usu823\/2020\/11\/IMG_1126-1024x768.jpg\" alt=\"\" width=\"536\" height=\"402\" srcset=\"https:\/\/agora.xtec.cat\/ceip-catalunya-sabadell\/wp-content\/uploads\/usu823\/2020\/11\/IMG_1126-1024x768.jpg 1024w, https:\/\/agora.xtec.cat\/ceip-catalunya-sabadell\/wp-content\/uploads\/usu823\/2020\/11\/IMG_1126-300x225.jpg 300w, https:\/\/agora.xtec.cat\/ceip-catalunya-sabadell\/wp-content\/uploads\/usu823\/2020\/11\/IMG_1126-768x576.jpg 768w, https:\/\/agora.xtec.cat\/ceip-catalunya-sabadell\/wp-content\/uploads\/usu823\/2020\/11\/IMG_1126-200x150.jpg 200w\" sizes=\"auto, (max-width: 536px) 100vw, 536px\" \/><\/a> <a href=\"https:\/\/agora.xtec.cat\/ceip-catalunya-sabadell\/wp-content\/uploads\/usu823\/2020\/11\/IMG_1122-e1604586659950.jpg\"><img loading=\"lazy\" decoding=\"async\" class=\"size-medium wp-image-3775 alignleft\" src=\"https:\/\/agora.xtec.cat\/ceip-catalunya-sabadell\/wp-content\/uploads\/usu823\/2020\/11\/IMG_1122-e1604586659950-300x225.jpg\" alt=\"\" width=\"536\" height=\"402\" srcset=\"https:\/\/agora.xtec.cat\/ceip-catalunya-sabadell\/wp-content\/uploads\/usu823\/2020\/11\/IMG_1122-e1604586659950-300x225.jpg 300w, https:\/\/agora.xtec.cat\/ceip-catalunya-sabadell\/wp-content\/uploads\/usu823\/2020\/11\/IMG_1122-e1604586659950-768x576.jpg 768w, https:\/\/agora.xtec.cat\/ceip-catalunya-sabadell\/wp-content\/uploads\/usu823\/2020\/11\/IMG_1122-e1604586659950-1024x768.jpg 1024w, https:\/\/agora.xtec.cat\/ceip-catalunya-sabadell\/wp-content\/uploads\/usu823\/2020\/11\/IMG_1122-e1604586659950-200x150.jpg 200w\" sizes=\"auto, (max-width: 536px) 100vw, 536px\" \/><\/a><a href=\"https:\/\/agora.xtec.cat\/ceip-catalunya-sabadell\/wp-content\/uploads\/usu823\/2020\/11\/tsunami.jpg\"><br \/>\n<img loading=\"lazy\" decoding=\"async\" class=\"wp-image-3764 alignleft\" src=\"https:\/\/agora.xtec.cat\/ceip-catalunya-sabadell\/wp-content\/uploads\/usu823\/2020\/11\/tsunami-1024x768.jpg\" alt=\"\" width=\"536\" height=\"402\" srcset=\"https:\/\/agora.xtec.cat\/ceip-catalunya-sabadell\/wp-content\/uploads\/usu823\/2020\/11\/tsunami-1024x768.jpg 1024w, https:\/\/agora.xtec.cat\/ceip-catalunya-sabadell\/wp-content\/uploads\/usu823\/2020\/11\/tsunami-300x225.jpg 300w, https:\/\/agora.xtec.cat\/ceip-catalunya-sabadell\/wp-content\/uploads\/usu823\/2020\/11\/tsunami-768x576.jpg 768w, https:\/\/agora.xtec.cat\/ceip-catalunya-sabadell\/wp-content\/uploads\/usu823\/2020\/11\/tsunami-200x150.jpg 200w\" sizes=\"auto, (max-width: 536px) 100vw, 536px\" \/><\/a><\/p>\n","protected":false},"excerpt":{"rendered":"<p>Avui 5 de novembre \u00e9s el dia mundial del Tsunami i durant aquesta setmana per grups hem buscant informaci\u00f3 sobre que \u00e9s un Tsunami, els signes d&#8217;alerta i que s&#8217;ha de fer en cas que s&#8217;apropi un Tsunami. Hem elaborat uns cartells explicatius que hem&hellip;  <a href=\"https:\/\/agora.xtec.cat\/ceip-catalunya-sabadell\/portada\/dia-mundial-dels-tsunamis\/\" title=\"Read Dia mundial dels Tsunamis\">Llegeix m\u00e9s\u00bb<\/a><\/p>\n","protected":false},"author":3,"featured_media":0,"comment_status":"open","ping_status":"closed","sticky":false,"template":"","format":"standard","meta":{"_bbp_topic_count":0,"_bbp_reply_count":0,"_bbp_total_topic_count":0,"_bbp_total_reply_count":0,"_bbp_voice_count":0,"_bbp_anonymous_reply_count":0,"_bbp_topic_count_hidden":0,"_bbp_reply_count_hidden":0,"_bbp_forum_subforum_count":0,"footnotes":""},"categories":[38,4],"tags":[],"class_list":["post-3763","post","type-post","status-publish","format-standard","hentry","category-sostenible","category-portada"],"post_mailing_queue_ids":[],"_links":{"self":[{"href":"https:\/\/agora.xtec.cat\/ceip-catalunya-sabadell\/wp-json\/wp\/v2\/posts\/3763","targetHints":{"allow":["GET"]}}],"collection":[{"href":"https:\/\/agora.xtec.cat\/ceip-catalunya-sabadell\/wp-json\/wp\/v2\/posts"}],"about":[{"href":"https:\/\/agora.xtec.cat\/ceip-catalunya-sabadell\/wp-json\/wp\/v2\/types\/post"}],"author":[{"embeddable":true,"href":"https:\/\/agora.xtec.cat\/ceip-catalunya-sabadell\/wp-json\/wp\/v2\/users\/3"}],"replies":[{"embeddable":true,"href":"https:\/\/agora.xtec.cat\/ceip-catalunya-sabadell\/wp-json\/wp\/v2\/comments?post=3763"}],"version-history":[{"count":3,"href":"https:\/\/agora.xtec.cat\/ceip-catalunya-sabadell\/wp-json\/wp\/v2\/posts\/3763\/revisions"}],"predecessor-version":[{"id":3780,"href":"https:\/\/agora.xtec.cat\/ceip-catalunya-sabadell\/wp-json\/wp\/v2\/posts\/3763\/revisions\/3780"}],"wp:attachment":[{"href":"https:\/\/agora.xtec.cat\/ceip-catalunya-sabadell\/wp-json\/wp\/v2\/media?parent=3763"}],"wp:term":[{"taxonomy":"category","embeddable":true,"href":"https:\/\/agora.xtec.cat\/ceip-catalunya-sabadell\/wp-json\/wp\/v2\/categories?post=3763"},{"taxonomy":"post_tag","embeddable":true,"href":"https:\/\/agora.xtec.cat\/ceip-catalunya-sabadell\/wp-json\/wp\/v2\/tags?post=3763"}],"curies":[{"name":"wp","href":"https:\/\/api.w.org\/{rel}","templated":true}]}}