{"id":3744,"date":"2020-10-13T09:57:19","date_gmt":"2020-10-13T07:57:19","guid":{"rendered":"http:\/\/agora.xtec.cat\/ceip-catalunya-sabadell\/?p=3744"},"modified":"2020-10-13T09:57:19","modified_gmt":"2020-10-13T07:57:19","slug":"beques-material-i-llibres-curs-2020-2021-ajuntament","status":"publish","type":"post","link":"https:\/\/agora.xtec.cat\/ceip-catalunya-sabadell\/portada\/beques-material-i-llibres-curs-2020-2021-ajuntament\/","title":{"rendered":"BEQUES material i llibres curs 2020-2021 Ajuntament"},"content":{"rendered":"<p>Benvolgudes fam\u00edlies,<\/p>\n<p>podeu consultar la resoluci\u00f3 de les beques de material i llibres pel curs 2020-2021 de l&#8217;Ajuntament de Sabadell, clicant el seg\u00fcent enlla\u00e7: <a href=\"https:\/\/drive.google.com\/file\/d\/1hSrsEt98cRDiAc1ckR5Fj9eakFz39Wcs\/view?usp=sharing\">BEQUES 20-21<\/a><\/p>\n<p>Tamb\u00e9 podeu consultar la resoluci\u00f3 a la Seu Electr\u00f2nica de l\u2019Ajuntament, introduint el DNI de la persona sol\u00b7licitant i el n\u00famero de tr\u00e0mit de l\u2019alumne\/a. Les fam\u00edlies que no estiguin d\u2019acord amb la resoluci\u00f3 poden presentar <strong>recurs de reposici\u00f3<\/strong>\u00a0a qualsevol dels registres del Servei d\u2019Atenci\u00f3 Ciutadana, en el termini d\u2019un mes comptat des de la publicaci\u00f3 de la resoluci\u00f3.<\/p>\n<p><strong>La data l\u00edmit \u00e9s el 7 de novembre<\/strong>\u00a0de 2020.<\/p>\n<p><a href=\"https:\/\/seu.sabadell.cat\/seuelectronica\/p\/detallSubv_cat.asp?Subtipus=ED&amp;cod=2020CVED00001&amp;NomXML=Subvencions2020.xml\" data-saferedirecturl=\"https:\/\/www.google.com\/url?q=https:\/\/seu.sabadell.cat\/seuelectronica\/p\/detallSubv_cat.asp?Subtipus%3DED%26cod%3D2020CVED00001%26NomXML%3DSubvencions2020.xml&amp;source=gmail&amp;ust=1602657281332000&amp;usg=AFQjCNHioIYrWmtwvgHQqQaFqMrHMHgC_w\">https:\/\/seu.sabadell.cat\/seuelectronica\/p\/detallSubv_cat.asp?Subtipus=ED&amp;cod=2020CVED00001&amp;NomXML=Subvencions2020.xml<\/a><\/p>\n<p>&nbsp;<\/p>\n","protected":false},"excerpt":{"rendered":"<p>Benvolgudes fam\u00edlies,<br \/>\npodeu consultar la resoluci\u00f3 de les beques de material i llibres pel curs 2020-2021 de l&#8217;Ajuntament de Sabadell, clicant el seg\u00fcent enlla\u00e7: <a href=\"https:\/\/drive.google.com\/file\/d\/1hSrsEt98cRDiAc1ckR5Fj9eakFz39Wcs\/view?usp=sharing\">BEQUES 20-21<\/a><br \/>\nTamb\u00e9 podeu consultar la resoluci\u00f3 a la Seu Electr\u00f2nica de l\u2019Ajuntament, introduint el DNI de la persona sol\u00b7licitant i el&hellip;  <a href=\"https:\/\/agora.xtec.cat\/ceip-catalunya-sabadell\/portada\/beques-material-i-llibres-curs-2020-2021-ajuntament\/\" title=\"Read BEQUES material i llibres curs 2020-2021 Ajuntament\">Llegeix m\u00e9s\u00bb<\/a><\/p>\n","protected":false},"author":3,"featured_media":0,"comment_status":"closed","ping_status":"closed","sticky":false,"template":"","format":"standard","meta":{"_bbp_topic_count":0,"_bbp_reply_count":0,"_bbp_total_topic_count":0,"_bbp_total_reply_count":0,"_bbp_voice_count":0,"_bbp_anonymous_reply_count":0,"_bbp_topic_count_hidden":0,"_bbp_reply_count_hidden":0,"_bbp_forum_subforum_count":0,"footnotes":""},"categories":[4],"tags":[],"class_list":["post-3744","post","type-post","status-publish","format-standard","hentry","category-portada"],"post_mailing_queue_ids":[],"_links":{"self":[{"href":"https:\/\/agora.xtec.cat\/ceip-catalunya-sabadell\/wp-json\/wp\/v2\/posts\/3744","targetHints":{"allow":["GET"]}}],"collection":[{"href":"https:\/\/agora.xtec.cat\/ceip-catalunya-sabadell\/wp-json\/wp\/v2\/posts"}],"about":[{"href":"https:\/\/agora.xtec.cat\/ceip-catalunya-sabadell\/wp-json\/wp\/v2\/types\/post"}],"author":[{"embeddable":true,"href":"https:\/\/agora.xtec.cat\/ceip-catalunya-sabadell\/wp-json\/wp\/v2\/users\/3"}],"replies":[{"embeddable":true,"href":"https:\/\/agora.xtec.cat\/ceip-catalunya-sabadell\/wp-json\/wp\/v2\/comments?post=3744"}],"version-history":[{"count":1,"href":"https:\/\/agora.xtec.cat\/ceip-catalunya-sabadell\/wp-json\/wp\/v2\/posts\/3744\/revisions"}],"predecessor-version":[{"id":3745,"href":"https:\/\/agora.xtec.cat\/ceip-catalunya-sabadell\/wp-json\/wp\/v2\/posts\/3744\/revisions\/3745"}],"wp:attachment":[{"href":"https:\/\/agora.xtec.cat\/ceip-catalunya-sabadell\/wp-json\/wp\/v2\/media?parent=3744"}],"wp:term":[{"taxonomy":"category","embeddable":true,"href":"https:\/\/agora.xtec.cat\/ceip-catalunya-sabadell\/wp-json\/wp\/v2\/categories?post=3744"},{"taxonomy":"post_tag","embeddable":true,"href":"https:\/\/agora.xtec.cat\/ceip-catalunya-sabadell\/wp-json\/wp\/v2\/tags?post=3744"}],"curies":[{"name":"wp","href":"https:\/\/api.w.org\/{rel}","templated":true}]}}