{"id":3721,"date":"2020-07-06T10:35:56","date_gmt":"2020-07-06T08:35:56","guid":{"rendered":"http:\/\/agora.xtec.cat\/ceip-catalunya-sabadell\/?p=3721"},"modified":"2020-07-07T10:48:42","modified_gmt":"2020-07-07T08:48:42","slug":"informacio-reclamacio-preinscripcio","status":"publish","type":"post","link":"https:\/\/agora.xtec.cat\/ceip-catalunya-sabadell\/portada\/informacio-reclamacio-preinscripcio\/","title":{"rendered":"INFORMACI\u00d3 RECLAMACI\u00d3 PREINSCRIPCI\u00d3 I PLACES VACANTS"},"content":{"rendered":"<p>Us adjuntem un document informatiu per si hi ha alguna fam\u00edlia que vulgui presentar la reclamaci\u00f3 contra la pla\u00e7a assignada per la comissi\u00f3 durant els propers dies 8, 9 i 10 de juliol de forma telem\u00e0tica.<\/p>\n<p>Cliqueu <a href=\"https:\/\/drive.google.com\/file\/d\/1Qmxlhy6rnpyxbFAPQ-NiKm9nwyW7ArE1\/view?usp=sharing\">AQU\u00cd\u00a0<\/a><\/p>\n<p>Podeu consultar les places vacants al municipi, clicant <a href=\"https:\/\/drive.google.com\/file\/d\/1R1jzYr6o6HomNbRcK8cTSou3-CkBVNJK\/view?usp=sharing\">AQU\u00cd\u00a0<\/a><\/p>\n<div><\/div>\n","protected":false},"excerpt":{"rendered":"<p>Us adjuntem un document informatiu per si hi ha alguna fam\u00edlia que vulgui presentar la reclamaci\u00f3 contra la pla\u00e7a assignada per la comissi\u00f3 durant els propers dies 8, 9 i 10 de juliol de forma telem\u00e0tica.<br \/>\nCliqueu <a href=\"https:\/\/drive.google.com\/file\/d\/1Qmxlhy6rnpyxbFAPQ-NiKm9nwyW7ArE1\/view?usp=sharing\">AQU\u00cd\u00a0<\/a><br \/>\nPodeu consultar les places vacants al municipi, clicant&hellip;  <a href=\"https:\/\/agora.xtec.cat\/ceip-catalunya-sabadell\/portada\/informacio-reclamacio-preinscripcio\/\" title=\"Read INFORMACI\u00d3 RECLAMACI\u00d3 PREINSCRIPCI\u00d3 I PLACES VACANTS\">Llegeix m\u00e9s\u00bb<\/a><\/p>\n","protected":false},"author":3,"featured_media":0,"comment_status":"closed","ping_status":"closed","sticky":false,"template":"","format":"standard","meta":{"_bbp_topic_count":0,"_bbp_reply_count":0,"_bbp_total_topic_count":0,"_bbp_total_reply_count":0,"_bbp_voice_count":0,"_bbp_anonymous_reply_count":0,"_bbp_topic_count_hidden":0,"_bbp_reply_count_hidden":0,"_bbp_forum_subforum_count":0,"footnotes":""},"categories":[4,123],"tags":[],"class_list":["post-3721","post","type-post","status-publish","format-standard","hentry","category-portada","category-preinscripcio-i-matricula"],"post_mailing_queue_ids":[],"_links":{"self":[{"href":"https:\/\/agora.xtec.cat\/ceip-catalunya-sabadell\/wp-json\/wp\/v2\/posts\/3721","targetHints":{"allow":["GET"]}}],"collection":[{"href":"https:\/\/agora.xtec.cat\/ceip-catalunya-sabadell\/wp-json\/wp\/v2\/posts"}],"about":[{"href":"https:\/\/agora.xtec.cat\/ceip-catalunya-sabadell\/wp-json\/wp\/v2\/types\/post"}],"author":[{"embeddable":true,"href":"https:\/\/agora.xtec.cat\/ceip-catalunya-sabadell\/wp-json\/wp\/v2\/users\/3"}],"replies":[{"embeddable":true,"href":"https:\/\/agora.xtec.cat\/ceip-catalunya-sabadell\/wp-json\/wp\/v2\/comments?post=3721"}],"version-history":[{"count":3,"href":"https:\/\/agora.xtec.cat\/ceip-catalunya-sabadell\/wp-json\/wp\/v2\/posts\/3721\/revisions"}],"predecessor-version":[{"id":3730,"href":"https:\/\/agora.xtec.cat\/ceip-catalunya-sabadell\/wp-json\/wp\/v2\/posts\/3721\/revisions\/3730"}],"wp:attachment":[{"href":"https:\/\/agora.xtec.cat\/ceip-catalunya-sabadell\/wp-json\/wp\/v2\/media?parent=3721"}],"wp:term":[{"taxonomy":"category","embeddable":true,"href":"https:\/\/agora.xtec.cat\/ceip-catalunya-sabadell\/wp-json\/wp\/v2\/categories?post=3721"},{"taxonomy":"post_tag","embeddable":true,"href":"https:\/\/agora.xtec.cat\/ceip-catalunya-sabadell\/wp-json\/wp\/v2\/tags?post=3721"}],"curies":[{"name":"wp","href":"https:\/\/api.w.org\/{rel}","templated":true}]}}