{"id":3704,"date":"2020-06-18T11:42:08","date_gmt":"2020-06-18T09:42:08","guid":{"rendered":"http:\/\/agora.xtec.cat\/ceip-catalunya-sabadell\/?p=3704"},"modified":"2020-06-18T11:42:08","modified_gmt":"2020-06-18T09:42:08","slug":"bon-estiu-2","status":"publish","type":"post","link":"https:\/\/agora.xtec.cat\/ceip-catalunya-sabadell\/portada\/bon-estiu-2\/","title":{"rendered":"BON ESTIU!"},"content":{"rendered":"<p dir=\"ltr\">Benvolgudes fam\u00edlies,<\/p>\n<p dir=\"ltr\">tot i que es fa molt estrany, ja hem arribat a fi de curs&#8230;\u00a0Aquest\u00a0 no ha estat l&#8217;acabament que ens esper\u00e0vem. La situaci\u00f3 de pand\u00e8mia i el conseq\u00fcent estat d&#8217;alarma van provocar el tancament de les escoles inicialment durant 15 dies, per\u00f2 malauradament es va\u00a0 allargar fins a dia d&#8217;avui,\u00a0 impossibilitant un seguiment del curs de manera presencial i no poder tirar endavant com ens hagu\u00e9s agradat.<\/p>\n<p dir=\"ltr\">Com a claustre, hem intentat acompanyar-vos durant tot aquest temps, a trav\u00e9s d&#8217;un m\u00f3n virtual que fins ara era for\u00e7a desconegut per a tota la comunitat educativa. Hem fet propostes online i hem intentat anar m\u00e9s enll\u00e0, a trav\u00e9s de\u00a0 videotrucades,\u00a0 sessions de meet en petits grups d&#8217;alumnat,\u00a0 incl\u00fas hem viscut moments molt emocionants i enriquidors, amb els v\u00eddeos que hem intercanviat; aprofitem per agrair-vos que ens hagueu deixat entrar per una finestra petitona a casa vostra.<\/p>\n<p dir=\"ltr\">De la mateixa manera tamb\u00e9\u00a0 us volem donar les gr\u00e0cies pel comprom\u00eds, la responsabilitat i en definitiva,\u00a0 la tasca que heu fet des de casa. Ha estat incre\u00efble que malgrat\u00a0 la dist\u00e0ncia, ens hem sentit ben a prop vostre.<\/p>\n<p dir=\"ltr\">I&#8230; res m\u00e9s, ens hauria agradat molt acomiadar-nos presencialment, per\u00f2 les circumst\u00e0ncies finalment no ens ho han perm\u00e8s.<\/p>\n<p dir=\"ltr\">Per a les fam\u00edlies que acabeu el vostre viatge amb nosaltres perqu\u00e8 els vostres fills i filles comencen la nova etapa a l&#8217;institut, desitjar-vos un cam\u00ed ple de bons moments, i per a les fam\u00edlies amb les que ens retrobarem al setembre, us esperarem amb moltes ganes i il\u00b7lusi\u00f3 per emprendre una nova aventura.<\/p>\n<p dir=\"ltr\">I ara&#8230; Obriu b\u00e9 els ulls, pugeu el volum i deixeu-vos sorprendre amb aquesta animaci\u00f3 amb tant de ritme que ens ha preparat una alumna de 6\u00e8!<\/p>\n<p dir=\"ltr\">Cliqueu la bandera VERDA i les lletres per fer-la funcionar<\/p>\n<p><iframe loading=\"lazy\" src=\"https:\/\/scratch.mit.edu\/projects\/405447286\/embed\" width=\"485\" height=\"402\" frameborder=\"0\"><\/iframe><\/p>\n<p dir=\"ltr\">Escola Catalunya<\/p>\n<p><span id=\"m_-1408479177853284555gmail-docs-internal-guid-0bbea72d-7fff-cd34-c9ce-9365c1465cda\"><\/span><br \/>\n<img alt=\"\" \/><\/p>\n","protected":false},"excerpt":{"rendered":"<p>Benvolgudes fam\u00edlies,<br \/>\ntot i que es fa molt estrany, ja hem arribat a fi de curs&#8230;\u00a0Aquest\u00a0 no ha estat l&#8217;acabament que ens esper\u00e0vem. La situaci\u00f3 de pand\u00e8mia i el conseq\u00fcent estat d&#8217;alarma van provocar el tancament de les escoles inicialment durant 15 dies, per\u00f2 malauradament es&hellip;  <a href=\"https:\/\/agora.xtec.cat\/ceip-catalunya-sabadell\/portada\/bon-estiu-2\/\" title=\"Read BON ESTIU!\">Llegeix m\u00e9s\u00bb<\/a><\/p>\n","protected":false},"author":3,"featured_media":3706,"comment_status":"open","ping_status":"closed","sticky":false,"template":"","format":"standard","meta":{"_bbp_topic_count":0,"_bbp_reply_count":0,"_bbp_total_topic_count":0,"_bbp_total_reply_count":0,"_bbp_voice_count":0,"_bbp_anonymous_reply_count":0,"_bbp_topic_count_hidden":0,"_bbp_reply_count_hidden":0,"_bbp_forum_subforum_count":0,"footnotes":""},"categories":[4],"tags":[],"class_list":["post-3704","post","type-post","status-publish","format-standard","has-post-thumbnail","hentry","category-portada"],"post_mailing_queue_ids":[],"_links":{"self":[{"href":"https:\/\/agora.xtec.cat\/ceip-catalunya-sabadell\/wp-json\/wp\/v2\/posts\/3704","targetHints":{"allow":["GET"]}}],"collection":[{"href":"https:\/\/agora.xtec.cat\/ceip-catalunya-sabadell\/wp-json\/wp\/v2\/posts"}],"about":[{"href":"https:\/\/agora.xtec.cat\/ceip-catalunya-sabadell\/wp-json\/wp\/v2\/types\/post"}],"author":[{"embeddable":true,"href":"https:\/\/agora.xtec.cat\/ceip-catalunya-sabadell\/wp-json\/wp\/v2\/users\/3"}],"replies":[{"embeddable":true,"href":"https:\/\/agora.xtec.cat\/ceip-catalunya-sabadell\/wp-json\/wp\/v2\/comments?post=3704"}],"version-history":[{"count":3,"href":"https:\/\/agora.xtec.cat\/ceip-catalunya-sabadell\/wp-json\/wp\/v2\/posts\/3704\/revisions"}],"predecessor-version":[{"id":3708,"href":"https:\/\/agora.xtec.cat\/ceip-catalunya-sabadell\/wp-json\/wp\/v2\/posts\/3704\/revisions\/3708"}],"wp:featuredmedia":[{"embeddable":true,"href":"https:\/\/agora.xtec.cat\/ceip-catalunya-sabadell\/wp-json\/wp\/v2\/media\/3706"}],"wp:attachment":[{"href":"https:\/\/agora.xtec.cat\/ceip-catalunya-sabadell\/wp-json\/wp\/v2\/media?parent=3704"}],"wp:term":[{"taxonomy":"category","embeddable":true,"href":"https:\/\/agora.xtec.cat\/ceip-catalunya-sabadell\/wp-json\/wp\/v2\/categories?post=3704"},{"taxonomy":"post_tag","embeddable":true,"href":"https:\/\/agora.xtec.cat\/ceip-catalunya-sabadell\/wp-json\/wp\/v2\/tags?post=3704"}],"curies":[{"name":"wp","href":"https:\/\/api.w.org\/{rel}","templated":true}]}}