{"id":3670,"date":"2020-06-08T10:01:23","date_gmt":"2020-06-08T08:01:23","guid":{"rendered":"http:\/\/agora.xtec.cat\/ceip-catalunya-sabadell\/?p=3670"},"modified":"2020-06-08T10:01:23","modified_gmt":"2020-06-08T08:01:23","slug":"tasques-per-a-la-setmana-del-8-al-12-de-juny","status":"publish","type":"post","link":"https:\/\/agora.xtec.cat\/ceip-catalunya-sabadell\/portada\/tasques-per-a-la-setmana-del-8-al-12-de-juny\/","title":{"rendered":"TASQUES PER A LA SETMANA DEL 8 AL 12 DE JUNY"},"content":{"rendered":"<p>Benvolgudes fam\u00edlies, aqu\u00ed us deixem les tasques que corresponen a la setmana del 8 al 12 de juny, si cliqueu a la icona del nivell del vostre fill o filla, les podeu consultar. Teniu tamb\u00e9 la informaci\u00f3 en el vostre correu electr\u00f2nic i l&#8217;alumnat de 4t a 6\u00e8\u00a0 la tenen a m\u00e9s a m\u00e9s en el seu propi\u00a0 e-mail de centre.<\/p>\n<p>I la not\u00edcia que volem destacar aquesta setmana \u00e9s una que passa&#8230; avui mateix! Dia 8 de juny, dia dels oceans:<\/p>\n<p><a href=\"https:\/\/youtu.be\/WKF8PF_X8yA\"><img loading=\"lazy\" decoding=\"async\" class=\"aligncenter wp-image-3671 size-full\" src=\"https:\/\/agora.xtec.cat\/ceip-catalunya-sabadell\/wp-content\/uploads\/usu823\/2020\/06\/Captura-1.png\" alt=\"\" width=\"681\" height=\"240\" srcset=\"https:\/\/agora.xtec.cat\/ceip-catalunya-sabadell\/wp-content\/uploads\/usu823\/2020\/06\/Captura-1.png 681w, https:\/\/agora.xtec.cat\/ceip-catalunya-sabadell\/wp-content\/uploads\/usu823\/2020\/06\/Captura-1-300x106.png 300w\" sizes=\"auto, (max-width: 681px) 100vw, 681px\" \/><\/a><\/p>\n<p>&nbsp;<\/p>\n<p>A continuaci\u00f3, teniu les tasques proposades per aquesta setmana:<\/p>\n<p>&nbsp;<\/p>\n<p><a href=\"https:\/\/drive.google.com\/file\/d\/1u4HdtxBNn4B4wyMutemSVcG1De7aa2kU\/view?usp=sharing\"><img loading=\"lazy\" decoding=\"async\" class=\"size-full wp-image-3435 aligncenter\" src=\"https:\/\/agora.xtec.cat\/ceip-catalunya-sabadell\/wp-content\/uploads\/usu823\/2020\/04\/P3.png\" alt=\"\" width=\"238\" height=\"139\" \/><\/a><\/p>\n<p><a href=\"https:\/\/drive.google.com\/file\/d\/1rYC5Ap6uVtzWUx9KQ1-tycmBDfNfuWer\/view?usp=sharing\"><img loading=\"lazy\" decoding=\"async\" class=\"size-full wp-image-3436 aligncenter\" src=\"https:\/\/agora.xtec.cat\/ceip-catalunya-sabadell\/wp-content\/uploads\/usu823\/2020\/04\/P4.png\" alt=\"\" width=\"260\" height=\"147\" \/><\/a><\/p>\n<p><a href=\"https:\/\/drive.google.com\/file\/d\/165R0BXBPP2T7ZKgPWkav7WjyYZ8G7Sum\/view?usp=sharing\"><img loading=\"lazy\" decoding=\"async\" class=\"size-full wp-image-3437 aligncenter\" src=\"https:\/\/agora.xtec.cat\/ceip-catalunya-sabadell\/wp-content\/uploads\/usu823\/2020\/04\/P5.png\" alt=\"\" width=\"239\" height=\"164\" \/><\/a><\/p>\n<p><a href=\"https:\/\/drive.google.com\/file\/d\/1wbSyoWB6NO1wsycjjYsMj8_YRh2zU650\/view?usp=sharing\"><img loading=\"lazy\" decoding=\"async\" class=\"size-medium wp-image-3468 aligncenter\" src=\"https:\/\/agora.xtec.cat\/ceip-catalunya-sabadell\/wp-content\/uploads\/usu823\/2020\/04\/1r-1-300x187.png\" alt=\"\" width=\"300\" height=\"187\" srcset=\"https:\/\/agora.xtec.cat\/ceip-catalunya-sabadell\/wp-content\/uploads\/usu823\/2020\/04\/1r-1-300x187.png 300w, https:\/\/agora.xtec.cat\/ceip-catalunya-sabadell\/wp-content\/uploads\/usu823\/2020\/04\/1r-1.png 426w\" sizes=\"auto, (max-width: 300px) 100vw, 300px\" \/><\/a><\/p>\n<p><a href=\"https:\/\/drive.google.com\/file\/d\/13u_3c4iIjZo1M_2S8VZjlWoL_K-ksm6o\/view?usp=sharing\"><img loading=\"lazy\" decoding=\"async\" class=\"size-full wp-image-3466 aligncenter\" src=\"https:\/\/agora.xtec.cat\/ceip-catalunya-sabadell\/wp-content\/uploads\/usu823\/2020\/04\/2n-2.png\" alt=\"\" width=\"258\" height=\"146\" \/><\/a><\/p>\n<p><a href=\"https:\/\/drive.google.com\/file\/d\/1N3zWiakGho86EoqKROnNt1CZlA6SQ_ba\/view?usp=sharing\"><img loading=\"lazy\" decoding=\"async\" class=\"size-full wp-image-3469 aligncenter\" src=\"https:\/\/agora.xtec.cat\/ceip-catalunya-sabadell\/wp-content\/uploads\/usu823\/2020\/04\/3r-1.png\" alt=\"\" width=\"220\" height=\"217\" \/><\/a><\/p>\n<p><a href=\"https:\/\/drive.google.com\/file\/d\/1RNtm9cOSu02ZeXKJVzBcl_Roi4FE2Lhs\/view?usp=sharing\"><img loading=\"lazy\" decoding=\"async\" class=\"size-medium wp-image-3479 aligncenter\" src=\"https:\/\/agora.xtec.cat\/ceip-catalunya-sabadell\/wp-content\/uploads\/usu823\/2020\/04\/4t-1-300x132.png\" alt=\"\" width=\"300\" height=\"132\" srcset=\"https:\/\/agora.xtec.cat\/ceip-catalunya-sabadell\/wp-content\/uploads\/usu823\/2020\/04\/4t-1-300x132.png 300w, https:\/\/agora.xtec.cat\/ceip-catalunya-sabadell\/wp-content\/uploads\/usu823\/2020\/04\/4t-1.png 343w\" sizes=\"auto, (max-width: 300px) 100vw, 300px\" \/><\/a><\/p>\n<p><a href=\"https:\/\/drive.google.com\/file\/d\/19ctMVuyddvD8gEWsdKOjoKLb-ro87_pD\/view?usp=sharing\"><img loading=\"lazy\" decoding=\"async\" class=\"size-medium wp-image-3470 aligncenter\" src=\"https:\/\/agora.xtec.cat\/ceip-catalunya-sabadell\/wp-content\/uploads\/usu823\/2020\/04\/5\u00e8-300x145.png\" alt=\"\" width=\"300\" height=\"145\" srcset=\"https:\/\/agora.xtec.cat\/ceip-catalunya-sabadell\/wp-content\/uploads\/usu823\/2020\/04\/5\u00e8-300x145.png 300w, https:\/\/agora.xtec.cat\/ceip-catalunya-sabadell\/wp-content\/uploads\/usu823\/2020\/04\/5\u00e8.png 522w\" sizes=\"auto, (max-width: 300px) 100vw, 300px\" \/><\/a><\/p>\n<p><a href=\"https:\/\/drive.google.com\/file\/d\/1Tp2VnIQeDRtoc3ZcSIP1epR3Z7Tk6Rkm\/view?usp=sharing\"><img loading=\"lazy\" decoding=\"async\" class=\"size-medium wp-image-3471 aligncenter\" src=\"https:\/\/agora.xtec.cat\/ceip-catalunya-sabadell\/wp-content\/uploads\/usu823\/2020\/04\/6\u00e8-300x148.png\" alt=\"\" width=\"300\" height=\"148\" srcset=\"https:\/\/agora.xtec.cat\/ceip-catalunya-sabadell\/wp-content\/uploads\/usu823\/2020\/04\/6\u00e8-300x148.png 300w, https:\/\/agora.xtec.cat\/ceip-catalunya-sabadell\/wp-content\/uploads\/usu823\/2020\/04\/6\u00e8.png 526w\" sizes=\"auto, (max-width: 300px) 100vw, 300px\" \/><\/a><\/p>\n","protected":false},"excerpt":{"rendered":"<p>Benvolgudes fam\u00edlies, aqu\u00ed us deixem les tasques que corresponen a la setmana del 8 al 12 de juny, si cliqueu a la icona del nivell del vostre fill o filla, les podeu consultar. Teniu tamb\u00e9 la informaci\u00f3 en el vostre correu electr\u00f2nic i l&#8217;alumnat de&hellip;  <a href=\"https:\/\/agora.xtec.cat\/ceip-catalunya-sabadell\/portada\/tasques-per-a-la-setmana-del-8-al-12-de-juny\/\" title=\"Read TASQUES PER A LA SETMANA DEL 8 AL 12 DE JUNY\">Llegeix m\u00e9s\u00bb<\/a><\/p>\n","protected":false},"author":22,"featured_media":3678,"comment_status":"open","ping_status":"closed","sticky":false,"template":"","format":"standard","meta":{"_bbp_topic_count":0,"_bbp_reply_count":0,"_bbp_total_topic_count":0,"_bbp_total_reply_count":0,"_bbp_voice_count":0,"_bbp_anonymous_reply_count":0,"_bbp_topic_count_hidden":0,"_bbp_reply_count_hidden":0,"_bbp_forum_subforum_count":0,"footnotes":""},"categories":[4,121],"tags":[],"class_list":["post-3670","post","type-post","status-publish","format-standard","has-post-thumbnail","hentry","category-portada","category-tasques-3r-trimestre"],"post_mailing_queue_ids":[],"_links":{"self":[{"href":"https:\/\/agora.xtec.cat\/ceip-catalunya-sabadell\/wp-json\/wp\/v2\/posts\/3670","targetHints":{"allow":["GET"]}}],"collection":[{"href":"https:\/\/agora.xtec.cat\/ceip-catalunya-sabadell\/wp-json\/wp\/v2\/posts"}],"about":[{"href":"https:\/\/agora.xtec.cat\/ceip-catalunya-sabadell\/wp-json\/wp\/v2\/types\/post"}],"author":[{"embeddable":true,"href":"https:\/\/agora.xtec.cat\/ceip-catalunya-sabadell\/wp-json\/wp\/v2\/users\/22"}],"replies":[{"embeddable":true,"href":"https:\/\/agora.xtec.cat\/ceip-catalunya-sabadell\/wp-json\/wp\/v2\/comments?post=3670"}],"version-history":[{"count":3,"href":"https:\/\/agora.xtec.cat\/ceip-catalunya-sabadell\/wp-json\/wp\/v2\/posts\/3670\/revisions"}],"predecessor-version":[{"id":3675,"href":"https:\/\/agora.xtec.cat\/ceip-catalunya-sabadell\/wp-json\/wp\/v2\/posts\/3670\/revisions\/3675"}],"wp:featuredmedia":[{"embeddable":true,"href":"https:\/\/agora.xtec.cat\/ceip-catalunya-sabadell\/wp-json\/wp\/v2\/media\/3678"}],"wp:attachment":[{"href":"https:\/\/agora.xtec.cat\/ceip-catalunya-sabadell\/wp-json\/wp\/v2\/media?parent=3670"}],"wp:term":[{"taxonomy":"category","embeddable":true,"href":"https:\/\/agora.xtec.cat\/ceip-catalunya-sabadell\/wp-json\/wp\/v2\/categories?post=3670"},{"taxonomy":"post_tag","embeddable":true,"href":"https:\/\/agora.xtec.cat\/ceip-catalunya-sabadell\/wp-json\/wp\/v2\/tags?post=3670"}],"curies":[{"name":"wp","href":"https:\/\/api.w.org\/{rel}","templated":true}]}}