{"id":3665,"date":"2020-06-08T08:44:22","date_gmt":"2020-06-08T06:44:22","guid":{"rendered":"http:\/\/agora.xtec.cat\/ceip-catalunya-sabadell\/?p=3665"},"modified":"2020-06-08T08:44:22","modified_gmt":"2020-06-08T06:44:22","slug":"el-peix-irisat-2","status":"publish","type":"post","link":"https:\/\/agora.xtec.cat\/ceip-catalunya-sabadell\/primaria\/promocio19-28\/el-peix-irisat-2\/","title":{"rendered":"EL PEIX IRISAT"},"content":{"rendered":"<p>Bon dia fam\u00edlies!!<\/p>\n<p>I arribem a la pen\u00faltima setmana de curs amb un conte i una can\u00e7\u00f3 refrescants!!! Igual que les propostes d&#8217;aquesta setmana&#8230; Tot relacionat amb l&#8217;aigua!! Per que arriba la calor i les ganes de jugar amb l&#8217;aigua i de gaudir! Aqu\u00ed us deixem el conte de El Peix Irisat i la can\u00e7\u00f3 del Peix Peixet de Lluis Gili. Cliqueu damunt les imatges i s&#8217;obriaran els enlla\u00e7os.<\/p>\n<p>&nbsp;<\/p>\n<p style=\"text-align: center;\">CONTE<\/p>\n<p>&nbsp;<\/p>\n<p><a href=\"https:\/\/youtu.be\/pPh0x130hFI\"><img loading=\"lazy\" decoding=\"async\" class=\"aligncenter wp-image-3666\" src=\"https:\/\/agora.xtec.cat\/ceip-catalunya-sabadell\/wp-content\/uploads\/usu823\/2020\/06\/peix-irisat.jpg\" alt=\"\" width=\"288\" height=\"386\" srcset=\"https:\/\/agora.xtec.cat\/ceip-catalunya-sabadell\/wp-content\/uploads\/usu823\/2020\/06\/peix-irisat.jpg 229w, https:\/\/agora.xtec.cat\/ceip-catalunya-sabadell\/wp-content\/uploads\/usu823\/2020\/06\/peix-irisat-224x300.jpg 224w\" sizes=\"auto, (max-width: 288px) 100vw, 288px\" \/><\/a><\/p>\n<p>&nbsp;<\/p>\n<p style=\"text-align: center;\">CAN\u00c7\u00d3<\/p>\n<p>&nbsp;<\/p>\n<p><a href=\"https:\/\/youtu.be\/pKMLly90soY\"><img loading=\"lazy\" decoding=\"async\" class=\"aligncenter wp-image-3667\" src=\"https:\/\/agora.xtec.cat\/ceip-catalunya-sabadell\/wp-content\/uploads\/usu823\/2020\/06\/descarga.jpg\" alt=\"\" width=\"591\" height=\"331\" \/><\/a><\/p>\n<p>&nbsp;<\/p>\n<p>&nbsp;<\/p>\n<p>Que gaudiu fam\u00edlies!!<\/p>\n<p>Fins aviat!<\/p>\n","protected":false},"excerpt":{"rendered":"<p>Bon dia fam\u00edlies!!<br \/>\nI arribem a la pen\u00faltima setmana de curs amb un conte i una can\u00e7\u00f3 refrescants!!! Igual que les propostes d&#8217;aquesta setmana&#8230; Tot relacionat amb l&#8217;aigua!! Per que arriba la calor i les ganes de jugar amb l&#8217;aigua i de gaudir! Aqu\u00ed us deixem&hellip;  <a href=\"https:\/\/agora.xtec.cat\/ceip-catalunya-sabadell\/primaria\/promocio19-28\/el-peix-irisat-2\/\" title=\"Read EL PEIX IRISAT\">Llegeix m\u00e9s\u00bb<\/a><\/p>\n","protected":false},"author":40,"featured_media":3676,"comment_status":"open","ping_status":"closed","sticky":false,"template":"","format":"standard","meta":{"_bbp_topic_count":0,"_bbp_reply_count":0,"_bbp_total_topic_count":0,"_bbp_total_reply_count":0,"_bbp_voice_count":0,"_bbp_anonymous_reply_count":0,"_bbp_topic_count_hidden":0,"_bbp_reply_count_hidden":0,"_bbp_forum_subforum_count":0,"footnotes":""},"categories":[118],"tags":[],"class_list":["post-3665","post","type-post","status-publish","format-standard","has-post-thumbnail","hentry","category-promocio19-28"],"post_mailing_queue_ids":[],"_links":{"self":[{"href":"https:\/\/agora.xtec.cat\/ceip-catalunya-sabadell\/wp-json\/wp\/v2\/posts\/3665","targetHints":{"allow":["GET"]}}],"collection":[{"href":"https:\/\/agora.xtec.cat\/ceip-catalunya-sabadell\/wp-json\/wp\/v2\/posts"}],"about":[{"href":"https:\/\/agora.xtec.cat\/ceip-catalunya-sabadell\/wp-json\/wp\/v2\/types\/post"}],"author":[{"embeddable":true,"href":"https:\/\/agora.xtec.cat\/ceip-catalunya-sabadell\/wp-json\/wp\/v2\/users\/40"}],"replies":[{"embeddable":true,"href":"https:\/\/agora.xtec.cat\/ceip-catalunya-sabadell\/wp-json\/wp\/v2\/comments?post=3665"}],"version-history":[{"count":2,"href":"https:\/\/agora.xtec.cat\/ceip-catalunya-sabadell\/wp-json\/wp\/v2\/posts\/3665\/revisions"}],"predecessor-version":[{"id":3677,"href":"https:\/\/agora.xtec.cat\/ceip-catalunya-sabadell\/wp-json\/wp\/v2\/posts\/3665\/revisions\/3677"}],"wp:featuredmedia":[{"embeddable":true,"href":"https:\/\/agora.xtec.cat\/ceip-catalunya-sabadell\/wp-json\/wp\/v2\/media\/3676"}],"wp:attachment":[{"href":"https:\/\/agora.xtec.cat\/ceip-catalunya-sabadell\/wp-json\/wp\/v2\/media?parent=3665"}],"wp:term":[{"taxonomy":"category","embeddable":true,"href":"https:\/\/agora.xtec.cat\/ceip-catalunya-sabadell\/wp-json\/wp\/v2\/categories?post=3665"},{"taxonomy":"post_tag","embeddable":true,"href":"https:\/\/agora.xtec.cat\/ceip-catalunya-sabadell\/wp-json\/wp\/v2\/tags?post=3665"}],"curies":[{"name":"wp","href":"https:\/\/api.w.org\/{rel}","templated":true}]}}