{"id":3646,"date":"2020-06-01T11:47:58","date_gmt":"2020-06-01T09:47:58","guid":{"rendered":"http:\/\/agora.xtec.cat\/ceip-catalunya-sabadell\/?p=3646"},"modified":"2020-06-01T11:47:58","modified_gmt":"2020-06-01T09:47:58","slug":"missatge-duna-alumna-de-sise","status":"publish","type":"post","link":"https:\/\/agora.xtec.cat\/ceip-catalunya-sabadell\/portada\/missatge-duna-alumna-de-sise\/","title":{"rendered":"MISSATGE D&#8217;UNA ALUMNA DE SIS\u00c8"},"content":{"rendered":"<p>Bon dia escola,<\/p>\n<p>avui dilluns 1 de juny \u00a0ens ha arribat al correu del centre un missatge d&#8217;una alumna de sis\u00e8, demanant-nos que el fem extensiu a tot l&#8217;alumnat de l&#8217;escola&#8230; aqu\u00ed el teniu, \u00e9s un pensament que creiem que moltes persones compartim:<\/p>\n<div><b><span style=\"font-family: comic sans ms, sans-serif\">Hola s\u00f3c una alumna de sis\u00e8 \u00a0i m&#8217;agradaria\u00a0 que l&#8217;escola em fes un favor, potser \u00e9s cursi per\u00f2 vull que arribi als nens i nenes \u00a0de l&#8217;escola perqu\u00e8 no facin el mateix error que jo. El favor \u00e9s fer arribar aquest missatge:<\/span><\/b><\/div>\n<div><\/div>\n<div>\n<p>\u00a0<span style=\"font-family: comic sans ms, sans-serif\"><span style=\"font-size: large\"><b>\u201cAprofiteu el m\u00e0xim del present i no espereu a que arribi el futur perqu\u00e8 us perdreu el present, cada cosa arriba al seu temps!\u201d<\/b><\/span> Potser no li donenuimport\u00e0ncia, o no li veieu el sentit, per\u00f2 en un moment o altre ho entendreu.<img decoding=\"async\" class=\"CToWUd\" src=\"https:\/\/mail.google.com\/mail\/e\/1f60a\" alt=\"\" data-goomoji=\"1f60a\" data-image-whitelisted=\"\" \/><\/span><\/p>\n<p><span style=\"color: #000000;font-family: comic sans ms, sans-serif\"><b>Moltes gr\u00e0cies.<\/b><\/span><\/p>\n<\/div>\n","protected":false},"excerpt":{"rendered":"<p>Bon dia escola,<br \/>\navui dilluns 1 de juny \u00a0ens ha arribat al correu del centre un missatge d&#8217;una alumna de sis\u00e8, demanant-nos que el fem extensiu a tot l&#8217;alumnat de l&#8217;escola&#8230; aqu\u00ed el teniu, \u00e9s un pensament que creiem que moltes persones compartim:<br \/>\nHola s\u00f3c una alumna&hellip;  <a href=\"https:\/\/agora.xtec.cat\/ceip-catalunya-sabadell\/portada\/missatge-duna-alumna-de-sise\/\" title=\"Read MISSATGE D&#8217;UNA ALUMNA DE SIS\u00c8\">Llegeix m\u00e9s\u00bb<\/a><\/p>\n","protected":false},"author":22,"featured_media":3650,"comment_status":"open","ping_status":"closed","sticky":false,"template":"","format":"standard","meta":{"_bbp_topic_count":0,"_bbp_reply_count":0,"_bbp_total_topic_count":0,"_bbp_total_reply_count":0,"_bbp_voice_count":0,"_bbp_anonymous_reply_count":0,"_bbp_topic_count_hidden":0,"_bbp_reply_count_hidden":0,"_bbp_forum_subforum_count":0,"footnotes":""},"categories":[4],"tags":[],"class_list":["post-3646","post","type-post","status-publish","format-standard","has-post-thumbnail","hentry","category-portada"],"post_mailing_queue_ids":[],"_links":{"self":[{"href":"https:\/\/agora.xtec.cat\/ceip-catalunya-sabadell\/wp-json\/wp\/v2\/posts\/3646","targetHints":{"allow":["GET"]}}],"collection":[{"href":"https:\/\/agora.xtec.cat\/ceip-catalunya-sabadell\/wp-json\/wp\/v2\/posts"}],"about":[{"href":"https:\/\/agora.xtec.cat\/ceip-catalunya-sabadell\/wp-json\/wp\/v2\/types\/post"}],"author":[{"embeddable":true,"href":"https:\/\/agora.xtec.cat\/ceip-catalunya-sabadell\/wp-json\/wp\/v2\/users\/22"}],"replies":[{"embeddable":true,"href":"https:\/\/agora.xtec.cat\/ceip-catalunya-sabadell\/wp-json\/wp\/v2\/comments?post=3646"}],"version-history":[{"count":1,"href":"https:\/\/agora.xtec.cat\/ceip-catalunya-sabadell\/wp-json\/wp\/v2\/posts\/3646\/revisions"}],"predecessor-version":[{"id":3649,"href":"https:\/\/agora.xtec.cat\/ceip-catalunya-sabadell\/wp-json\/wp\/v2\/posts\/3646\/revisions\/3649"}],"wp:featuredmedia":[{"embeddable":true,"href":"https:\/\/agora.xtec.cat\/ceip-catalunya-sabadell\/wp-json\/wp\/v2\/media\/3650"}],"wp:attachment":[{"href":"https:\/\/agora.xtec.cat\/ceip-catalunya-sabadell\/wp-json\/wp\/v2\/media?parent=3646"}],"wp:term":[{"taxonomy":"category","embeddable":true,"href":"https:\/\/agora.xtec.cat\/ceip-catalunya-sabadell\/wp-json\/wp\/v2\/categories?post=3646"},{"taxonomy":"post_tag","embeddable":true,"href":"https:\/\/agora.xtec.cat\/ceip-catalunya-sabadell\/wp-json\/wp\/v2\/tags?post=3646"}],"curies":[{"name":"wp","href":"https:\/\/api.w.org\/{rel}","templated":true}]}}