{"id":3638,"date":"2020-06-01T09:56:34","date_gmt":"2020-06-01T07:56:34","guid":{"rendered":"http:\/\/agora.xtec.cat\/ceip-catalunya-sabadell\/?p=3638"},"modified":"2020-06-01T09:56:34","modified_gmt":"2020-06-01T07:56:34","slug":"tasques-per-a-la-setmana-de-l1-al-5-de-juny","status":"publish","type":"post","link":"https:\/\/agora.xtec.cat\/ceip-catalunya-sabadell\/portada\/tasques-per-a-la-setmana-de-l1-al-5-de-juny\/","title":{"rendered":"TASQUES PER A LA SETMANA DE L&#8217;1 AL 5 DE JUNY"},"content":{"rendered":"<p><!-- x-tinymce\/html --><\/p>\n<p>Benvolgudes fam\u00edlies, aqu\u00ed us deixem les tasques que corresponen a la setmana de l&#8217;1 al 5 de juny, si cliqueu a la icona del nivell del vostre fill o filla, les podeu consultar. Teniu tamb\u00e9 la informaci\u00f3 en el vostre correu electr\u00f2nic i l&#8217;alumnat de 4t a 6\u00e8\u00a0 la tenen a m\u00e9s a m\u00e9s en el seu propi\u00a0 e-mail de centre.<\/p>\n<p>Tamb\u00e9\u00a0 us deixem un enlla\u00e7 a un fet important d&#8217;aquesta setmana, que potser ens fa reflexionar una mica&#8230; a l&#8217;escola vetllem molt pel medi ambient, i sabem que tots i totes des de casa continueu cuidant del nostre planeta!<\/p>\n<p><a href=\"https:\/\/www.sostenible.cat\/acte\/dia-mundial-del-medi-ambient-9\"><img loading=\"lazy\" decoding=\"async\" class=\"alignnone wp-image-3640 size-full\" src=\"https:\/\/agora.xtec.cat\/ceip-catalunya-sabadell\/wp-content\/uploads\/usu823\/2020\/05\/Captura-3.png\" alt=\"\" width=\"759\" height=\"233\" srcset=\"https:\/\/agora.xtec.cat\/ceip-catalunya-sabadell\/wp-content\/uploads\/usu823\/2020\/05\/Captura-3.png 759w, https:\/\/agora.xtec.cat\/ceip-catalunya-sabadell\/wp-content\/uploads\/usu823\/2020\/05\/Captura-3-300x92.png 300w\" sizes=\"auto, (max-width: 759px) 100vw, 759px\" \/><\/a><\/p>\n<p>&nbsp;<\/p>\n<p>&nbsp;<\/p>\n<p>I, a continuaci\u00f3, teniu les tasques proposades per aquesta setmana:<\/p>\n<p>&nbsp;<\/p>\n<p><a href=\"https:\/\/drive.google.com\/file\/d\/1v7zZqu0TVeUm_X1pybbkVin7zbaJXTYn\/view?usp=sharing\"><img loading=\"lazy\" decoding=\"async\" class=\"size-full wp-image-3435 aligncenter\" src=\"https:\/\/agora.xtec.cat\/ceip-catalunya-sabadell\/wp-content\/uploads\/usu823\/2020\/04\/P3.png\" alt=\"\" width=\"238\" height=\"139\" \/><\/a><\/p>\n<p><a href=\"https:\/\/drive.google.com\/file\/d\/1lJ4FZTgOCy3sD02OWFPpzEfWVKjEBq1d\/view?usp=sharing\"><img loading=\"lazy\" decoding=\"async\" class=\"size-full wp-image-3436 aligncenter\" src=\"https:\/\/agora.xtec.cat\/ceip-catalunya-sabadell\/wp-content\/uploads\/usu823\/2020\/04\/P4.png\" alt=\"\" width=\"260\" height=\"147\" \/><\/a><\/p>\n<p><a href=\"https:\/\/drive.google.com\/file\/d\/1Y6m9iSvj5qGZY_SJl8hIdjfZfjse18Ws\/view?usp=sharing\"><img loading=\"lazy\" decoding=\"async\" class=\"size-full wp-image-3437 aligncenter\" src=\"https:\/\/agora.xtec.cat\/ceip-catalunya-sabadell\/wp-content\/uploads\/usu823\/2020\/04\/P5.png\" alt=\"\" width=\"239\" height=\"164\" \/><\/a><\/p>\n<p><a href=\"https:\/\/drive.google.com\/file\/d\/12rWJsKU45dUIfpKgz23S2ZeQKybeVn09\/view?usp=sharing\"><img loading=\"lazy\" decoding=\"async\" class=\"size-medium wp-image-3468 aligncenter\" src=\"https:\/\/agora.xtec.cat\/ceip-catalunya-sabadell\/wp-content\/uploads\/usu823\/2020\/04\/1r-1-300x187.png\" alt=\"\" width=\"300\" height=\"187\" srcset=\"https:\/\/agora.xtec.cat\/ceip-catalunya-sabadell\/wp-content\/uploads\/usu823\/2020\/04\/1r-1-300x187.png 300w, https:\/\/agora.xtec.cat\/ceip-catalunya-sabadell\/wp-content\/uploads\/usu823\/2020\/04\/1r-1.png 426w\" sizes=\"auto, (max-width: 300px) 100vw, 300px\" \/><\/a><\/p>\n<p><a href=\"https:\/\/drive.google.com\/file\/d\/1G4yIo49VSRyAlF-YSXI0V9TPIjGr-FqC\/view?usp=sharing\"><img loading=\"lazy\" decoding=\"async\" class=\"size-full wp-image-3466 aligncenter\" src=\"https:\/\/agora.xtec.cat\/ceip-catalunya-sabadell\/wp-content\/uploads\/usu823\/2020\/04\/2n-2.png\" alt=\"\" width=\"258\" height=\"146\" \/><\/a><\/p>\n<p><a href=\"https:\/\/drive.google.com\/file\/d\/1-jV1RPoSSQZsaeb14Dl8dg107aZCbTyZ\/view?usp=sharing\"><img loading=\"lazy\" decoding=\"async\" class=\"size-full wp-image-3469 aligncenter\" src=\"https:\/\/agora.xtec.cat\/ceip-catalunya-sabadell\/wp-content\/uploads\/usu823\/2020\/04\/3r-1.png\" alt=\"\" width=\"220\" height=\"217\" \/><\/a><\/p>\n<p><a href=\"https:\/\/drive.google.com\/file\/d\/1u76xZlkTkqg4Cg_C7m_kYRSF6vwizbiZ\/view?usp=sharing\"><img loading=\"lazy\" decoding=\"async\" class=\"size-medium wp-image-3479 aligncenter\" src=\"https:\/\/agora.xtec.cat\/ceip-catalunya-sabadell\/wp-content\/uploads\/usu823\/2020\/04\/4t-1-300x132.png\" alt=\"\" width=\"300\" height=\"132\" srcset=\"https:\/\/agora.xtec.cat\/ceip-catalunya-sabadell\/wp-content\/uploads\/usu823\/2020\/04\/4t-1-300x132.png 300w, https:\/\/agora.xtec.cat\/ceip-catalunya-sabadell\/wp-content\/uploads\/usu823\/2020\/04\/4t-1.png 343w\" sizes=\"auto, (max-width: 300px) 100vw, 300px\" \/><\/a><\/p>\n<p><a href=\"https:\/\/drive.google.com\/file\/d\/1oBBYe54EP0cU78JmWhTW-GUAGGFnFJj7\/view?usp=sharing\"><img loading=\"lazy\" decoding=\"async\" class=\"size-medium wp-image-3470 aligncenter\" src=\"https:\/\/agora.xtec.cat\/ceip-catalunya-sabadell\/wp-content\/uploads\/usu823\/2020\/04\/5\u00e8-300x145.png\" alt=\"\" width=\"300\" height=\"145\" srcset=\"https:\/\/agora.xtec.cat\/ceip-catalunya-sabadell\/wp-content\/uploads\/usu823\/2020\/04\/5\u00e8-300x145.png 300w, https:\/\/agora.xtec.cat\/ceip-catalunya-sabadell\/wp-content\/uploads\/usu823\/2020\/04\/5\u00e8.png 522w\" sizes=\"auto, (max-width: 300px) 100vw, 300px\" \/><\/a><\/p>\n<p><a href=\"https:\/\/drive.google.com\/file\/d\/15U3qEUGe1UdI70K1bUrfg6Zzia-1W9wx\/view?usp=sharing\"><img loading=\"lazy\" decoding=\"async\" class=\"size-medium wp-image-3471 aligncenter\" src=\"https:\/\/agora.xtec.cat\/ceip-catalunya-sabadell\/wp-content\/uploads\/usu823\/2020\/04\/6\u00e8-300x148.png\" alt=\"\" width=\"300\" height=\"148\" srcset=\"https:\/\/agora.xtec.cat\/ceip-catalunya-sabadell\/wp-content\/uploads\/usu823\/2020\/04\/6\u00e8-300x148.png 300w, https:\/\/agora.xtec.cat\/ceip-catalunya-sabadell\/wp-content\/uploads\/usu823\/2020\/04\/6\u00e8.png 526w\" sizes=\"auto, (max-width: 300px) 100vw, 300px\" \/><\/a><\/p>\n","protected":false},"excerpt":{"rendered":"<p>Benvolgudes fam\u00edlies, aqu\u00ed us deixem les tasques que corresponen a la setmana de l&#8217;1 al 5 de juny, si cliqueu a la icona del nivell del vostre fill o filla, les podeu consultar. Teniu tamb\u00e9 la informaci\u00f3 en el vostre correu electr\u00f2nic i l&#8217;alumnat de&hellip;  <a href=\"https:\/\/agora.xtec.cat\/ceip-catalunya-sabadell\/portada\/tasques-per-a-la-setmana-de-l1-al-5-de-juny\/\" title=\"Read TASQUES PER A LA SETMANA DE L&#8217;1 AL 5 DE JUNY\">Llegeix m\u00e9s\u00bb<\/a><\/p>\n","protected":false},"author":22,"featured_media":3640,"comment_status":"open","ping_status":"closed","sticky":false,"template":"","format":"standard","meta":{"_bbp_topic_count":0,"_bbp_reply_count":0,"_bbp_total_topic_count":0,"_bbp_total_reply_count":0,"_bbp_voice_count":0,"_bbp_anonymous_reply_count":0,"_bbp_topic_count_hidden":0,"_bbp_reply_count_hidden":0,"_bbp_forum_subforum_count":0,"footnotes":""},"categories":[4,121],"tags":[],"class_list":["post-3638","post","type-post","status-publish","format-standard","has-post-thumbnail","hentry","category-portada","category-tasques-3r-trimestre"],"post_mailing_queue_ids":[],"_links":{"self":[{"href":"https:\/\/agora.xtec.cat\/ceip-catalunya-sabadell\/wp-json\/wp\/v2\/posts\/3638","targetHints":{"allow":["GET"]}}],"collection":[{"href":"https:\/\/agora.xtec.cat\/ceip-catalunya-sabadell\/wp-json\/wp\/v2\/posts"}],"about":[{"href":"https:\/\/agora.xtec.cat\/ceip-catalunya-sabadell\/wp-json\/wp\/v2\/types\/post"}],"author":[{"embeddable":true,"href":"https:\/\/agora.xtec.cat\/ceip-catalunya-sabadell\/wp-json\/wp\/v2\/users\/22"}],"replies":[{"embeddable":true,"href":"https:\/\/agora.xtec.cat\/ceip-catalunya-sabadell\/wp-json\/wp\/v2\/comments?post=3638"}],"version-history":[{"count":3,"href":"https:\/\/agora.xtec.cat\/ceip-catalunya-sabadell\/wp-json\/wp\/v2\/posts\/3638\/revisions"}],"predecessor-version":[{"id":3644,"href":"https:\/\/agora.xtec.cat\/ceip-catalunya-sabadell\/wp-json\/wp\/v2\/posts\/3638\/revisions\/3644"}],"wp:featuredmedia":[{"embeddable":true,"href":"https:\/\/agora.xtec.cat\/ceip-catalunya-sabadell\/wp-json\/wp\/v2\/media\/3640"}],"wp:attachment":[{"href":"https:\/\/agora.xtec.cat\/ceip-catalunya-sabadell\/wp-json\/wp\/v2\/media?parent=3638"}],"wp:term":[{"taxonomy":"category","embeddable":true,"href":"https:\/\/agora.xtec.cat\/ceip-catalunya-sabadell\/wp-json\/wp\/v2\/categories?post=3638"},{"taxonomy":"post_tag","embeddable":true,"href":"https:\/\/agora.xtec.cat\/ceip-catalunya-sabadell\/wp-json\/wp\/v2\/tags?post=3638"}],"curies":[{"name":"wp","href":"https:\/\/api.w.org\/{rel}","templated":true}]}}