{"id":3632,"date":"2020-05-29T11:37:35","date_gmt":"2020-05-29T09:37:35","guid":{"rendered":"http:\/\/agora.xtec.cat\/ceip-catalunya-sabadell\/?p=3632"},"modified":"2020-07-06T10:38:10","modified_gmt":"2020-07-06T08:38:10","slug":"publicacio-de-les-llistes-amb-barem-provisional","status":"publish","type":"post","link":"https:\/\/agora.xtec.cat\/ceip-catalunya-sabadell\/portada\/publicacio-de-les-llistes-amb-barem-provisional\/","title":{"rendered":"PUBLICACI\u00d3 DE LES LLISTES AMB BAREM PROVISIONAL"},"content":{"rendered":"<p>Benvolgudes fam\u00edlies,<\/p>\n<p>Podeu consultar la llista amb el barem provisional, clicant <a href=\"https:\/\/drive.google.com\/open?id=1LLKJmKiJa6jtinXAUw484EK6gNV8SJk-\">AQU\u00ed\u00a0<\/a><\/p>\n<p>Degut a problemes inform\u00e0tics, pel que fa al criteri de germans\/es al centre, pels alumnes que tenen germans\/es, no els surt reconegut, malgrat que la puntuaci\u00f3 surt correcta.<\/p>\n<p>Hem obtingut 51 preinscripcions per a p3 per al curs 2020-2021.<\/p>\n<p>En cas que calgui presentar alguna reclamaci\u00f3 al barem provisional, ho podeu fer del <strong>2 al 5 de juny.\u00a0<\/strong><\/p>\n<p>Per qualsevol dubte, us podeu adre\u00e7ar al correu de l&#8217;escola a8038582@xtec.cat o b\u00e9 trucar al tel\u00e8fon 937269392 de dilluns a divendres de 9 a 14h.<\/p>\n","protected":false},"excerpt":{"rendered":"<p>Benvolgudes fam\u00edlies,<br \/>\nPodeu consultar la llista amb el barem provisional, clicant <a href=\"https:\/\/drive.google.com\/open?id=1LLKJmKiJa6jtinXAUw484EK6gNV8SJk-\">AQU\u00ed\u00a0<\/a><br \/>\nDegut a problemes inform\u00e0tics, pel que fa al criteri de germans\/es al centre, pels alumnes que tenen germans\/es, no els surt reconegut, malgrat que la puntuaci\u00f3 surt correcta.<br \/>\nHem obtingut 51 preinscripcions per a p3&hellip;  <a href=\"https:\/\/agora.xtec.cat\/ceip-catalunya-sabadell\/portada\/publicacio-de-les-llistes-amb-barem-provisional\/\" title=\"Read PUBLICACI\u00d3 DE LES LLISTES AMB BAREM PROVISIONAL\">Llegeix m\u00e9s\u00bb<\/a><\/p>\n","protected":false},"author":3,"featured_media":0,"comment_status":"open","ping_status":"closed","sticky":false,"template":"","format":"standard","meta":{"_bbp_topic_count":0,"_bbp_reply_count":0,"_bbp_total_topic_count":0,"_bbp_total_reply_count":0,"_bbp_voice_count":0,"_bbp_anonymous_reply_count":0,"_bbp_topic_count_hidden":0,"_bbp_reply_count_hidden":0,"_bbp_forum_subforum_count":0,"footnotes":""},"categories":[4,123],"tags":[],"class_list":["post-3632","post","type-post","status-publish","format-standard","hentry","category-portada","category-preinscripcio-i-matricula"],"post_mailing_queue_ids":[],"_links":{"self":[{"href":"https:\/\/agora.xtec.cat\/ceip-catalunya-sabadell\/wp-json\/wp\/v2\/posts\/3632","targetHints":{"allow":["GET"]}}],"collection":[{"href":"https:\/\/agora.xtec.cat\/ceip-catalunya-sabadell\/wp-json\/wp\/v2\/posts"}],"about":[{"href":"https:\/\/agora.xtec.cat\/ceip-catalunya-sabadell\/wp-json\/wp\/v2\/types\/post"}],"author":[{"embeddable":true,"href":"https:\/\/agora.xtec.cat\/ceip-catalunya-sabadell\/wp-json\/wp\/v2\/users\/3"}],"replies":[{"embeddable":true,"href":"https:\/\/agora.xtec.cat\/ceip-catalunya-sabadell\/wp-json\/wp\/v2\/comments?post=3632"}],"version-history":[{"count":3,"href":"https:\/\/agora.xtec.cat\/ceip-catalunya-sabadell\/wp-json\/wp\/v2\/posts\/3632\/revisions"}],"predecessor-version":[{"id":3659,"href":"https:\/\/agora.xtec.cat\/ceip-catalunya-sabadell\/wp-json\/wp\/v2\/posts\/3632\/revisions\/3659"}],"wp:attachment":[{"href":"https:\/\/agora.xtec.cat\/ceip-catalunya-sabadell\/wp-json\/wp\/v2\/media?parent=3632"}],"wp:term":[{"taxonomy":"category","embeddable":true,"href":"https:\/\/agora.xtec.cat\/ceip-catalunya-sabadell\/wp-json\/wp\/v2\/categories?post=3632"},{"taxonomy":"post_tag","embeddable":true,"href":"https:\/\/agora.xtec.cat\/ceip-catalunya-sabadell\/wp-json\/wp\/v2\/tags?post=3632"}],"curies":[{"name":"wp","href":"https:\/\/api.w.org\/{rel}","templated":true}]}}