{"id":3623,"date":"2020-05-28T13:34:03","date_gmt":"2020-05-28T11:34:03","guid":{"rendered":"http:\/\/agora.xtec.cat\/ceip-catalunya-sabadell\/?p=3623"},"modified":"2020-05-28T13:42:41","modified_gmt":"2020-05-28T11:42:41","slug":"beques-material-escolar-llibres-de-text-i-menjador","status":"publish","type":"post","link":"https:\/\/agora.xtec.cat\/ceip-catalunya-sabadell\/portada\/beques-material-escolar-llibres-de-text-i-menjador\/","title":{"rendered":"BEQUES MATERIAL ESCOLAR, LLIBRES DE TEXT I MENJADOR"},"content":{"rendered":"<p><img loading=\"lazy\" decoding=\"async\" class=\"alignnone size-large wp-image-3628\" src=\"https:\/\/agora.xtec.cat\/ceip-catalunya-sabadell\/wp-content\/uploads\/usu823\/2020\/05\/BEQUES-20-21-1-410x1024.png\" alt=\"\" width=\"410\" height=\"1024\" srcset=\"https:\/\/agora.xtec.cat\/ceip-catalunya-sabadell\/wp-content\/uploads\/usu823\/2020\/05\/BEQUES-20-21-1-410x1024.png 410w, https:\/\/agora.xtec.cat\/ceip-catalunya-sabadell\/wp-content\/uploads\/usu823\/2020\/05\/BEQUES-20-21-1-120x300.png 120w, https:\/\/agora.xtec.cat\/ceip-catalunya-sabadell\/wp-content\/uploads\/usu823\/2020\/05\/BEQUES-20-21-1-768x1920.png 768w, https:\/\/agora.xtec.cat\/ceip-catalunya-sabadell\/wp-content\/uploads\/usu823\/2020\/05\/BEQUES-20-21-1.png 800w\" sizes=\"auto, (max-width: 410px) 100vw, 410px\" \/><\/p>\n<p>La documentaci\u00f3 per a les dues sol\u00b7licituds s&#8217;ha de presentar priorit\u00e0riament de forma\u00a0<strong>telem\u00e0tica\u00a0<\/strong>o presencialment amb\u00a0<strong>cita pr\u00e8via.\u00a0<\/strong><\/p>\n<p><strong><u>El per\u00edode de presentaci\u00f3 de sol.licituds ser\u00e0 de l\u20191 al 19 de juny.<\/u><\/strong><\/p>\n<p>Us adjuntem 3 documents:<\/p>\n<p>&#8211; Les\u00a0<strong><a href=\"https:\/\/drive.google.com\/file\/d\/17q3Ox-EkxV-CSY8aMIQfmJ4r1fGMsdos\/view?usp=sharing\">instruccions \u00a0\u00a0<\/a><\/strong><\/p>\n<p>&#8211; Un <strong><a href=\"https:\/\/drive.google.com\/file\/d\/1ltthpLMbQ_WJdMqs6Hdd-QxQdsedJk9Z\/view?usp=sharing\">tutorial<\/a> <\/strong>per poder iniciar el tr\u00e0mit telem\u00e0tic amb l\u2019acc\u00e9s a l\u2019idCAT<\/p>\n<p>&#8211; La llista de centres c\u00edvics que corresponen a cada centre educatiu, per quan les fam\u00edlies facin la\u00a0<strong><a href=\"https:\/\/drive.google.com\/file\/d\/1HMYk5KfH2YL7pourOYjPYqIyXTZIJtrk\/view?usp=sharing\" data-saferedirecturl=\"https:\/\/www.google.com\/url?q=https:\/\/citaprevia.sabadell.cat\/QSIGE\/apps\/citaprevia\/index.html%23!\/home&amp;source=gmail&amp;ust=1590740720212000&amp;usg=AFQjCNGRAgGU1AjA1n16EyPAiOHmtjdyCg\">sol\u00b7licitud de cita pr\u00e8via<\/a><\/strong><\/p>\n<p>Si teniu qualsevol dubte, ens podeu escriure al correu electr\u00f2nic o b\u00e9 trucar al tel\u00e8fon de l&#8217;escola (937269392) de 9 a 14h.<\/p>\n","protected":false},"excerpt":{"rendered":"<p>La documentaci\u00f3 per a les dues sol\u00b7licituds s&#8217;ha de presentar priorit\u00e0riament de forma\u00a0telem\u00e0tica\u00a0o presencialment amb\u00a0cita pr\u00e8via.\u00a0<br \/>\nEl per\u00edode de presentaci\u00f3 de sol.licituds ser\u00e0 de l\u20191 al 19 de juny.<br \/>\nUs adjuntem 3 documents:<br \/>\n&#8211; Les\u00a0<a href=\"https:\/\/drive.google.com\/file\/d\/17q3Ox-EkxV-CSY8aMIQfmJ4r1fGMsdos\/view?usp=sharing\">instruccions \u00a0\u00a0<\/a><br \/>\n&#8211; Un <a href=\"https:\/\/drive.google.com\/file\/d\/1ltthpLMbQ_WJdMqs6Hdd-QxQdsedJk9Z\/view?usp=sharing\">tutorial<\/a> per poder iniciar el tr\u00e0mit telem\u00e0tic amb l\u2019acc\u00e9s&hellip;  <a href=\"https:\/\/agora.xtec.cat\/ceip-catalunya-sabadell\/portada\/beques-material-escolar-llibres-de-text-i-menjador\/\" title=\"Read BEQUES MATERIAL ESCOLAR, LLIBRES DE TEXT I MENJADOR\">Llegeix m\u00e9s\u00bb<\/a><\/p>\n","protected":false},"author":3,"featured_media":3628,"comment_status":"closed","ping_status":"closed","sticky":false,"template":"","format":"standard","meta":{"_bbp_topic_count":0,"_bbp_reply_count":0,"_bbp_total_topic_count":0,"_bbp_total_reply_count":0,"_bbp_voice_count":0,"_bbp_anonymous_reply_count":0,"_bbp_topic_count_hidden":0,"_bbp_reply_count_hidden":0,"_bbp_forum_subforum_count":0,"footnotes":""},"categories":[4],"tags":[],"class_list":["post-3623","post","type-post","status-publish","format-standard","has-post-thumbnail","hentry","category-portada"],"post_mailing_queue_ids":[],"_links":{"self":[{"href":"https:\/\/agora.xtec.cat\/ceip-catalunya-sabadell\/wp-json\/wp\/v2\/posts\/3623","targetHints":{"allow":["GET"]}}],"collection":[{"href":"https:\/\/agora.xtec.cat\/ceip-catalunya-sabadell\/wp-json\/wp\/v2\/posts"}],"about":[{"href":"https:\/\/agora.xtec.cat\/ceip-catalunya-sabadell\/wp-json\/wp\/v2\/types\/post"}],"author":[{"embeddable":true,"href":"https:\/\/agora.xtec.cat\/ceip-catalunya-sabadell\/wp-json\/wp\/v2\/users\/3"}],"replies":[{"embeddable":true,"href":"https:\/\/agora.xtec.cat\/ceip-catalunya-sabadell\/wp-json\/wp\/v2\/comments?post=3623"}],"version-history":[{"count":3,"href":"https:\/\/agora.xtec.cat\/ceip-catalunya-sabadell\/wp-json\/wp\/v2\/posts\/3623\/revisions"}],"predecessor-version":[{"id":3631,"href":"https:\/\/agora.xtec.cat\/ceip-catalunya-sabadell\/wp-json\/wp\/v2\/posts\/3623\/revisions\/3631"}],"wp:featuredmedia":[{"embeddable":true,"href":"https:\/\/agora.xtec.cat\/ceip-catalunya-sabadell\/wp-json\/wp\/v2\/media\/3628"}],"wp:attachment":[{"href":"https:\/\/agora.xtec.cat\/ceip-catalunya-sabadell\/wp-json\/wp\/v2\/media?parent=3623"}],"wp:term":[{"taxonomy":"category","embeddable":true,"href":"https:\/\/agora.xtec.cat\/ceip-catalunya-sabadell\/wp-json\/wp\/v2\/categories?post=3623"},{"taxonomy":"post_tag","embeddable":true,"href":"https:\/\/agora.xtec.cat\/ceip-catalunya-sabadell\/wp-json\/wp\/v2\/tags?post=3623"}],"curies":[{"name":"wp","href":"https:\/\/api.w.org\/{rel}","templated":true}]}}