{"id":3616,"date":"2020-05-25T10:03:07","date_gmt":"2020-05-25T08:03:07","guid":{"rendered":"http:\/\/agora.xtec.cat\/ceip-catalunya-sabadell\/?p=3616"},"modified":"2020-05-25T10:03:08","modified_gmt":"2020-05-25T08:03:08","slug":"tasques-per-a-la-setmana-del-25-al-29-de-maig","status":"publish","type":"post","link":"https:\/\/agora.xtec.cat\/ceip-catalunya-sabadell\/portada\/tasques-per-a-la-setmana-del-25-al-29-de-maig\/","title":{"rendered":"TASQUES PER A LA SETMANA DEL 25 AL 29 DE MAIG"},"content":{"rendered":"<p>Benvolgudes fam\u00edlies, aqu\u00ed us deixem les tasques que corresponen a la setmana del 25\u00a0 al 29 de maig, si cliqueu a la icona del nivell del vostre fill o filla, les podeu consultar. Teniu tamb\u00e9 la informaci\u00f3 en el vostre correu electr\u00f2nic i l&#8217;alumnat de 4t a 6\u00e8\u00a0 la tenen a m\u00e9s a m\u00e9s en el seu propi\u00a0 e-mail de centre.<\/p>\n<p>A m\u00e9s a m\u00e9s, tamb\u00e9 volem compartir un fet important que es va celebrar ahir diumenge, 24 de maig&#8230; aviat podrem anar a passejar pels fant\u00e0stics indrets naturals que tenim als voltants de Sabadell, que esperen les nostres caminades i corredisses!<\/p>\n<p>24 de maig, DIA DELS PARCS NATURALS EUROPEUS:<\/p>\n<p style=\"text-align: center\"><a href=\"https:\/\/parcs.diba.cat\/dia-europeu-dels-parcs\"><img loading=\"lazy\" decoding=\"async\" class=\"alignnone size-medium wp-image-3617\" src=\"https:\/\/agora.xtec.cat\/ceip-catalunya-sabadell\/wp-content\/uploads\/usu823\/2020\/05\/Captura-2-206x300.png\" alt=\"\" width=\"206\" height=\"300\" srcset=\"https:\/\/agora.xtec.cat\/ceip-catalunya-sabadell\/wp-content\/uploads\/usu823\/2020\/05\/Captura-2-206x300.png 206w, https:\/\/agora.xtec.cat\/ceip-catalunya-sabadell\/wp-content\/uploads\/usu823\/2020\/05\/Captura-2.png 391w\" sizes=\"auto, (max-width: 206px) 100vw, 206px\" \/><\/a><\/p>\n<p>Si cliqueu a la foto, podreu\u00a0 accedir a fer visites virtuals a fant\u00e0stics indrets del nostre entorn proper, esperem que us agradi la &#8220;passejada virtual&#8221;\u00a0 \ud83d\ude09<\/p>\n<p>I, a continuaci\u00f3, teniu les tasques proposades per aquesta setmana:<\/p>\n<p>&nbsp;<\/p>\n<p style=\"text-align: center\"><a href=\"https:\/\/drive.google.com\/file\/d\/166sKiAtHGf9fQKaTu1F4QDSnQ0uFW87V\/view?usp=sharing\"><img loading=\"lazy\" decoding=\"async\" class=\"alignnone size-full wp-image-3435\" src=\"https:\/\/agora.xtec.cat\/ceip-catalunya-sabadell\/wp-content\/uploads\/usu823\/2020\/04\/P3.png\" alt=\"\" width=\"238\" height=\"139\" \/><\/a><\/p>\n<p style=\"text-align: center\"><a href=\"https:\/\/drive.google.com\/file\/d\/1-bnSFb2F0Wl9JFv1ZN5h_lIARTlmRiii\/view?usp=sharing\"><img loading=\"lazy\" decoding=\"async\" class=\"alignnone size-full wp-image-3436\" src=\"https:\/\/agora.xtec.cat\/ceip-catalunya-sabadell\/wp-content\/uploads\/usu823\/2020\/04\/P4.png\" alt=\"\" width=\"260\" height=\"147\" \/><\/a><\/p>\n<p style=\"text-align: center\"><a href=\"https:\/\/drive.google.com\/file\/d\/1K_vP0jrshXMHoLvXxW1X2Hn_P-_evZwY\/view?usp=sharing\"><img loading=\"lazy\" decoding=\"async\" class=\"alignnone size-full wp-image-3437\" src=\"https:\/\/agora.xtec.cat\/ceip-catalunya-sabadell\/wp-content\/uploads\/usu823\/2020\/04\/P5.png\" alt=\"\" width=\"239\" height=\"164\" \/><\/a><\/p>\n<p><a href=\"https:\/\/drive.google.com\/file\/d\/1vSoDK_qj5b0S5nFff9Fi80S2Qko2KvAi\/view?usp=sharing\"><img loading=\"lazy\" decoding=\"async\" class=\"size-medium wp-image-3468 aligncenter\" src=\"https:\/\/agora.xtec.cat\/ceip-catalunya-sabadell\/wp-content\/uploads\/usu823\/2020\/04\/1r-1-300x187.png\" alt=\"\" width=\"300\" height=\"187\" srcset=\"https:\/\/agora.xtec.cat\/ceip-catalunya-sabadell\/wp-content\/uploads\/usu823\/2020\/04\/1r-1-300x187.png 300w, https:\/\/agora.xtec.cat\/ceip-catalunya-sabadell\/wp-content\/uploads\/usu823\/2020\/04\/1r-1.png 426w\" sizes=\"auto, (max-width: 300px) 100vw, 300px\" \/><\/a><\/p>\n<p style=\"text-align: center\"><a href=\"https:\/\/drive.google.com\/file\/d\/1NDomZ5UPpBddsTk2pymIpBq6ALwVKxES\/view?usp=sharing\"><img loading=\"lazy\" decoding=\"async\" class=\"alignnone size-full wp-image-3466\" src=\"https:\/\/agora.xtec.cat\/ceip-catalunya-sabadell\/wp-content\/uploads\/usu823\/2020\/04\/2n-2.png\" alt=\"\" width=\"258\" height=\"146\" \/><\/a><\/p>\n<p style=\"text-align: center\"><a href=\"https:\/\/drive.google.com\/file\/d\/1XRchuOTPmMhyjm2yLI-NrpXqVYAIzwlg\/view?usp=sharing\"><img loading=\"lazy\" decoding=\"async\" class=\"alignnone size-full wp-image-3469\" src=\"https:\/\/agora.xtec.cat\/ceip-catalunya-sabadell\/wp-content\/uploads\/usu823\/2020\/04\/3r-1.png\" alt=\"\" width=\"220\" height=\"217\" \/><\/a><\/p>\n<p style=\"text-align: center\"><a href=\"https:\/\/drive.google.com\/file\/d\/1rOCbSya2gQxYcehCpJfhfvlemOEMv1YG\/view?usp=sharing\"><img loading=\"lazy\" decoding=\"async\" class=\"alignnone size-medium wp-image-3479\" src=\"https:\/\/agora.xtec.cat\/ceip-catalunya-sabadell\/wp-content\/uploads\/usu823\/2020\/04\/4t-1-300x132.png\" alt=\"\" width=\"300\" height=\"132\" srcset=\"https:\/\/agora.xtec.cat\/ceip-catalunya-sabadell\/wp-content\/uploads\/usu823\/2020\/04\/4t-1-300x132.png 300w, https:\/\/agora.xtec.cat\/ceip-catalunya-sabadell\/wp-content\/uploads\/usu823\/2020\/04\/4t-1.png 343w\" sizes=\"auto, (max-width: 300px) 100vw, 300px\" \/><\/a><\/p>\n<p style=\"text-align: center\"><a href=\"https:\/\/drive.google.com\/file\/d\/1Stq-xHcp71ovNzEk1A4tfF6JXOp9M3Md\/view?usp=sharing\"><img loading=\"lazy\" decoding=\"async\" class=\"alignnone size-medium wp-image-3470\" src=\"https:\/\/agora.xtec.cat\/ceip-catalunya-sabadell\/wp-content\/uploads\/usu823\/2020\/04\/5\u00e8-300x145.png\" alt=\"\" width=\"300\" height=\"145\" srcset=\"https:\/\/agora.xtec.cat\/ceip-catalunya-sabadell\/wp-content\/uploads\/usu823\/2020\/04\/5\u00e8-300x145.png 300w, https:\/\/agora.xtec.cat\/ceip-catalunya-sabadell\/wp-content\/uploads\/usu823\/2020\/04\/5\u00e8.png 522w\" sizes=\"auto, (max-width: 300px) 100vw, 300px\" \/><\/a><\/p>\n<p style=\"text-align: center\"><a href=\"https:\/\/drive.google.com\/file\/d\/1_FsmpAns0FPOiE680AsFYqzjMlKd_cxx\/view?usp=sharing\"><img loading=\"lazy\" decoding=\"async\" class=\"alignnone size-medium wp-image-3471\" src=\"https:\/\/agora.xtec.cat\/ceip-catalunya-sabadell\/wp-content\/uploads\/usu823\/2020\/04\/6\u00e8-300x148.png\" alt=\"\" width=\"300\" height=\"148\" srcset=\"https:\/\/agora.xtec.cat\/ceip-catalunya-sabadell\/wp-content\/uploads\/usu823\/2020\/04\/6\u00e8-300x148.png 300w, https:\/\/agora.xtec.cat\/ceip-catalunya-sabadell\/wp-content\/uploads\/usu823\/2020\/04\/6\u00e8.png 526w\" sizes=\"auto, (max-width: 300px) 100vw, 300px\" \/><\/a><\/p>\n","protected":false},"excerpt":{"rendered":"<p>Benvolgudes fam\u00edlies, aqu\u00ed us deixem les tasques que corresponen a la setmana del 25\u00a0 al 29 de maig, si cliqueu a la icona del nivell del vostre fill o filla, les podeu consultar. Teniu tamb\u00e9 la informaci\u00f3 en el vostre correu electr\u00f2nic i l&#8217;alumnat de&hellip;  <a href=\"https:\/\/agora.xtec.cat\/ceip-catalunya-sabadell\/portada\/tasques-per-a-la-setmana-del-25-al-29-de-maig\/\" title=\"Read TASQUES PER A LA SETMANA DEL 25 AL 29 DE MAIG\">Llegeix m\u00e9s\u00bb<\/a><\/p>\n","protected":false},"author":22,"featured_media":3617,"comment_status":"open","ping_status":"closed","sticky":false,"template":"","format":"standard","meta":{"_bbp_topic_count":0,"_bbp_reply_count":0,"_bbp_total_topic_count":0,"_bbp_total_reply_count":0,"_bbp_voice_count":0,"_bbp_anonymous_reply_count":0,"_bbp_topic_count_hidden":0,"_bbp_reply_count_hidden":0,"_bbp_forum_subforum_count":0,"footnotes":""},"categories":[4,121],"tags":[],"class_list":["post-3616","post","type-post","status-publish","format-standard","has-post-thumbnail","hentry","category-portada","category-tasques-3r-trimestre"],"post_mailing_queue_ids":[],"_links":{"self":[{"href":"https:\/\/agora.xtec.cat\/ceip-catalunya-sabadell\/wp-json\/wp\/v2\/posts\/3616","targetHints":{"allow":["GET"]}}],"collection":[{"href":"https:\/\/agora.xtec.cat\/ceip-catalunya-sabadell\/wp-json\/wp\/v2\/posts"}],"about":[{"href":"https:\/\/agora.xtec.cat\/ceip-catalunya-sabadell\/wp-json\/wp\/v2\/types\/post"}],"author":[{"embeddable":true,"href":"https:\/\/agora.xtec.cat\/ceip-catalunya-sabadell\/wp-json\/wp\/v2\/users\/22"}],"replies":[{"embeddable":true,"href":"https:\/\/agora.xtec.cat\/ceip-catalunya-sabadell\/wp-json\/wp\/v2\/comments?post=3616"}],"version-history":[{"count":3,"href":"https:\/\/agora.xtec.cat\/ceip-catalunya-sabadell\/wp-json\/wp\/v2\/posts\/3616\/revisions"}],"predecessor-version":[{"id":3621,"href":"https:\/\/agora.xtec.cat\/ceip-catalunya-sabadell\/wp-json\/wp\/v2\/posts\/3616\/revisions\/3621"}],"wp:featuredmedia":[{"embeddable":true,"href":"https:\/\/agora.xtec.cat\/ceip-catalunya-sabadell\/wp-json\/wp\/v2\/media\/3617"}],"wp:attachment":[{"href":"https:\/\/agora.xtec.cat\/ceip-catalunya-sabadell\/wp-json\/wp\/v2\/media?parent=3616"}],"wp:term":[{"taxonomy":"category","embeddable":true,"href":"https:\/\/agora.xtec.cat\/ceip-catalunya-sabadell\/wp-json\/wp\/v2\/categories?post=3616"},{"taxonomy":"post_tag","embeddable":true,"href":"https:\/\/agora.xtec.cat\/ceip-catalunya-sabadell\/wp-json\/wp\/v2\/tags?post=3616"}],"curies":[{"name":"wp","href":"https:\/\/api.w.org\/{rel}","templated":true}]}}