{"id":3581,"date":"2020-05-18T09:58:10","date_gmt":"2020-05-18T07:58:10","guid":{"rendered":"http:\/\/agora.xtec.cat\/ceip-catalunya-sabadell\/?p=3581"},"modified":"2020-05-18T09:58:10","modified_gmt":"2020-05-18T07:58:10","slug":"tasques-per-a-la-setmana-del-18-al-22-de-maig","status":"publish","type":"post","link":"https:\/\/agora.xtec.cat\/ceip-catalunya-sabadell\/portada\/tasques-per-a-la-setmana-del-18-al-22-de-maig\/","title":{"rendered":"TASQUES PER A LA SETMANA DEL 18 AL 22 DE MAIG"},"content":{"rendered":"<p>Benvolgudes fam\u00edlies, aqu\u00ed us deixem les tasques que corresponen a la setmana del 18\u00a0 al 22 de maig, si cliqueu a la icona del nivell del vostre fill o filla, les podeu consultar. Teniu tamb\u00e9 la informaci\u00f3 en el vostre correu electr\u00f2nic i l&#8217;alumnat de 4t a 6\u00e8\u00a0 la tenen a m\u00e9s a m\u00e9s en el seu propi\u00a0 e-mail de centre.<\/p>\n<p>A m\u00e9s a m\u00e9s, aquesta setmana us posem un enigma&#8230; el divendres 22 de maig es compliran 161 anys del naixement d&#8217;un gran escriptor&#8230; us atreviu a descobrir qui \u00e9s? Us deixem una pista&#8230; el personatge m\u00e9s important que va crear va ser&#8230;<\/p>\n<p><a href=\"https:\/\/agora.xtec.cat\/ceip-catalunya-sabadell\/wp-content\/uploads\/usu823\/2020\/05\/Captura-1.png\"><img loading=\"lazy\" decoding=\"async\" class=\"wp-image-3583 size-thumbnail aligncenter\" src=\"https:\/\/agora.xtec.cat\/ceip-catalunya-sabadell\/wp-content\/uploads\/usu823\/2020\/05\/Captura-1-150x150.png\" alt=\"\" width=\"150\" height=\"150\" \/><\/a><\/p>\n<p>&nbsp;<\/p>\n<p>I, a continuaci\u00f3, teniu les tasques proposades per aquesta setmana:<\/p>\n<p>&nbsp;<\/p>\n<p style=\"text-align: center\"><a href=\"https:\/\/drive.google.com\/file\/d\/1ndQoGdRMLAxxASD0QOiDn5359pNMehA7\/view?usp=sharing\"><img loading=\"lazy\" decoding=\"async\" class=\"alignnone size-full wp-image-3435\" src=\"https:\/\/agora.xtec.cat\/ceip-catalunya-sabadell\/wp-content\/uploads\/usu823\/2020\/04\/P3.png\" alt=\"\" width=\"238\" height=\"139\" \/><\/a><\/p>\n<p style=\"text-align: center\"><a href=\"https:\/\/drive.google.com\/file\/d\/1_5ie5M16NPYAguW6cfkwoJbxMu8llWXY\/view?usp=sharing\"><img loading=\"lazy\" decoding=\"async\" class=\"alignnone size-full wp-image-3436\" src=\"https:\/\/agora.xtec.cat\/ceip-catalunya-sabadell\/wp-content\/uploads\/usu823\/2020\/04\/P4.png\" alt=\"\" width=\"260\" height=\"147\" \/><\/a><\/p>\n<p style=\"text-align: center\"><a href=\"https:\/\/drive.google.com\/file\/d\/1qc24k4s62X8ZlJ_pMPRgJyUTUXWDodGM\/view?usp=sharing\"><img loading=\"lazy\" decoding=\"async\" class=\"alignnone size-full wp-image-3437\" src=\"https:\/\/agora.xtec.cat\/ceip-catalunya-sabadell\/wp-content\/uploads\/usu823\/2020\/04\/P5.png\" alt=\"\" width=\"239\" height=\"164\" \/><\/a><\/p>\n<p><a href=\"https:\/\/drive.google.com\/file\/d\/1HPAhKNubt5xuRe-I7zIUvjtiVPyPRxXp\/view?usp=sharing\"><img loading=\"lazy\" decoding=\"async\" class=\"size-medium wp-image-3468 aligncenter\" src=\"https:\/\/agora.xtec.cat\/ceip-catalunya-sabadell\/wp-content\/uploads\/usu823\/2020\/04\/1r-1-300x187.png\" alt=\"\" width=\"300\" height=\"187\" srcset=\"https:\/\/agora.xtec.cat\/ceip-catalunya-sabadell\/wp-content\/uploads\/usu823\/2020\/04\/1r-1-300x187.png 300w, https:\/\/agora.xtec.cat\/ceip-catalunya-sabadell\/wp-content\/uploads\/usu823\/2020\/04\/1r-1.png 426w\" sizes=\"auto, (max-width: 300px) 100vw, 300px\" \/><\/a><\/p>\n<p style=\"text-align: center\"><a href=\"https:\/\/drive.google.com\/file\/d\/15sjRoIBENm9kQ2HIhT3ihzqel-lvg795\/view?usp=sharing\"><img loading=\"lazy\" decoding=\"async\" class=\"alignnone size-full wp-image-3466\" src=\"https:\/\/agora.xtec.cat\/ceip-catalunya-sabadell\/wp-content\/uploads\/usu823\/2020\/04\/2n-2.png\" alt=\"\" width=\"258\" height=\"146\" \/><\/a><\/p>\n<p style=\"text-align: center\"><a href=\"https:\/\/drive.google.com\/file\/d\/1xvJVAQWlIy3L5ndOAUiAs-puXL6oS8ZB\/view?usp=sharing\"><img loading=\"lazy\" decoding=\"async\" class=\"alignnone size-full wp-image-3469\" src=\"https:\/\/agora.xtec.cat\/ceip-catalunya-sabadell\/wp-content\/uploads\/usu823\/2020\/04\/3r-1.png\" alt=\"\" width=\"220\" height=\"217\" \/><\/a><\/p>\n<p style=\"text-align: center\"><a href=\"https:\/\/drive.google.com\/file\/d\/1FIADwfXi9eJaUf2tIXWnlQ-cBcqpAARz\/view?usp=sharing\"><img loading=\"lazy\" decoding=\"async\" class=\"alignnone size-medium wp-image-3479\" src=\"https:\/\/agora.xtec.cat\/ceip-catalunya-sabadell\/wp-content\/uploads\/usu823\/2020\/04\/4t-1-300x132.png\" alt=\"\" width=\"300\" height=\"132\" srcset=\"https:\/\/agora.xtec.cat\/ceip-catalunya-sabadell\/wp-content\/uploads\/usu823\/2020\/04\/4t-1-300x132.png 300w, https:\/\/agora.xtec.cat\/ceip-catalunya-sabadell\/wp-content\/uploads\/usu823\/2020\/04\/4t-1.png 343w\" sizes=\"auto, (max-width: 300px) 100vw, 300px\" \/><\/a><\/p>\n<p style=\"text-align: center\"><a href=\"https:\/\/drive.google.com\/file\/d\/1fVm6h2gOw4pulmwt7iYR_AF2yDSvfD-o\/view?usp=sharing\"><img loading=\"lazy\" decoding=\"async\" class=\"alignnone size-medium wp-image-3470\" src=\"https:\/\/agora.xtec.cat\/ceip-catalunya-sabadell\/wp-content\/uploads\/usu823\/2020\/04\/5\u00e8-300x145.png\" alt=\"\" width=\"300\" height=\"145\" srcset=\"https:\/\/agora.xtec.cat\/ceip-catalunya-sabadell\/wp-content\/uploads\/usu823\/2020\/04\/5\u00e8-300x145.png 300w, https:\/\/agora.xtec.cat\/ceip-catalunya-sabadell\/wp-content\/uploads\/usu823\/2020\/04\/5\u00e8.png 522w\" sizes=\"auto, (max-width: 300px) 100vw, 300px\" \/><\/a><\/p>\n<p style=\"text-align: center\"><a href=\"https:\/\/drive.google.com\/file\/d\/1TcF7lf744ZR7qLFVfCPISKHgq-jWvg3n\/view?usp=sharing\"><img loading=\"lazy\" decoding=\"async\" class=\"alignnone size-medium wp-image-3471\" src=\"https:\/\/agora.xtec.cat\/ceip-catalunya-sabadell\/wp-content\/uploads\/usu823\/2020\/04\/6\u00e8-300x148.png\" alt=\"\" width=\"300\" height=\"148\" srcset=\"https:\/\/agora.xtec.cat\/ceip-catalunya-sabadell\/wp-content\/uploads\/usu823\/2020\/04\/6\u00e8-300x148.png 300w, https:\/\/agora.xtec.cat\/ceip-catalunya-sabadell\/wp-content\/uploads\/usu823\/2020\/04\/6\u00e8.png 526w\" sizes=\"auto, (max-width: 300px) 100vw, 300px\" \/><\/a><\/p>\n","protected":false},"excerpt":{"rendered":"<p>Benvolgudes fam\u00edlies, aqu\u00ed us deixem les tasques que corresponen a la setmana del 18\u00a0 al 22 de maig, si cliqueu a la icona del nivell del vostre fill o filla, les podeu consultar. Teniu tamb\u00e9 la informaci\u00f3 en el vostre correu electr\u00f2nic i l&#8217;alumnat de&hellip;  <a href=\"https:\/\/agora.xtec.cat\/ceip-catalunya-sabadell\/portada\/tasques-per-a-la-setmana-del-18-al-22-de-maig\/\" title=\"Read TASQUES PER A LA SETMANA DEL 18 AL 22 DE MAIG\">Llegeix m\u00e9s\u00bb<\/a><\/p>\n","protected":false},"author":22,"featured_media":3583,"comment_status":"open","ping_status":"closed","sticky":false,"template":"","format":"standard","meta":{"_bbp_topic_count":0,"_bbp_reply_count":0,"_bbp_total_topic_count":0,"_bbp_total_reply_count":0,"_bbp_voice_count":0,"_bbp_anonymous_reply_count":0,"_bbp_topic_count_hidden":0,"_bbp_reply_count_hidden":0,"_bbp_forum_subforum_count":0,"footnotes":""},"categories":[4,121],"tags":[],"class_list":["post-3581","post","type-post","status-publish","format-standard","has-post-thumbnail","hentry","category-portada","category-tasques-3r-trimestre"],"post_mailing_queue_ids":[],"_links":{"self":[{"href":"https:\/\/agora.xtec.cat\/ceip-catalunya-sabadell\/wp-json\/wp\/v2\/posts\/3581","targetHints":{"allow":["GET"]}}],"collection":[{"href":"https:\/\/agora.xtec.cat\/ceip-catalunya-sabadell\/wp-json\/wp\/v2\/posts"}],"about":[{"href":"https:\/\/agora.xtec.cat\/ceip-catalunya-sabadell\/wp-json\/wp\/v2\/types\/post"}],"author":[{"embeddable":true,"href":"https:\/\/agora.xtec.cat\/ceip-catalunya-sabadell\/wp-json\/wp\/v2\/users\/22"}],"replies":[{"embeddable":true,"href":"https:\/\/agora.xtec.cat\/ceip-catalunya-sabadell\/wp-json\/wp\/v2\/comments?post=3581"}],"version-history":[{"count":3,"href":"https:\/\/agora.xtec.cat\/ceip-catalunya-sabadell\/wp-json\/wp\/v2\/posts\/3581\/revisions"}],"predecessor-version":[{"id":3590,"href":"https:\/\/agora.xtec.cat\/ceip-catalunya-sabadell\/wp-json\/wp\/v2\/posts\/3581\/revisions\/3590"}],"wp:featuredmedia":[{"embeddable":true,"href":"https:\/\/agora.xtec.cat\/ceip-catalunya-sabadell\/wp-json\/wp\/v2\/media\/3583"}],"wp:attachment":[{"href":"https:\/\/agora.xtec.cat\/ceip-catalunya-sabadell\/wp-json\/wp\/v2\/media?parent=3581"}],"wp:term":[{"taxonomy":"category","embeddable":true,"href":"https:\/\/agora.xtec.cat\/ceip-catalunya-sabadell\/wp-json\/wp\/v2\/categories?post=3581"},{"taxonomy":"post_tag","embeddable":true,"href":"https:\/\/agora.xtec.cat\/ceip-catalunya-sabadell\/wp-json\/wp\/v2\/tags?post=3581"}],"curies":[{"name":"wp","href":"https:\/\/api.w.org\/{rel}","templated":true}]}}