{"id":355,"date":"2016-02-28T16:22:31","date_gmt":"2016-02-28T15:22:31","guid":{"rendered":"http:\/\/agora.xtec.cat\/ceip-catalunya-sabadell\/?p=355"},"modified":"2016-03-21T19:49:09","modified_gmt":"2016-03-21T18:49:09","slug":"jornada-de-portes-obertes","status":"publish","type":"post","link":"https:\/\/agora.xtec.cat\/ceip-catalunya-sabadell\/general\/jornada-de-portes-obertes\/","title":{"rendered":"JORNADA DE PORTES OBERTES"},"content":{"rendered":"<p>El proper dilluns 15 i dimarts 16 de febrer de 2016 farem la jornada de portes obertes.<\/p>\n<p>La visita a les instal\u00b7lacions s&#8217;iniciar\u00e0 a les 15,15h.<br \/>\nDespr\u00e9s hi haur\u00e0 una xerrada informativa sobre aspectes del Projecte Educatiu i el proc\u00e9s de preinscripci\u00f3.<br \/>\nEs prega no portar els nens\/es.<br \/>\nCal trucar per concertar el dia de visita 93 726 93 92<br \/>\nUs hi esperem!!!<br \/>\nL&#8217;equip directiu<\/p>\n","protected":false},"excerpt":{"rendered":"<p>El proper dilluns 15 i dimarts 16 de febrer de 2016 farem la jornada de portes obertes.<br \/>\nLa visita a les instal\u00b7lacions s&#8217;iniciar\u00e0 a les 15,15h.<br \/>\nDespr\u00e9s hi haur\u00e0 una xerrada informativa sobre aspectes del Projecte Educatiu i el proc\u00e9s de preinscripci\u00f3.<br \/>\nEs prega no portar els nens\/es.<br \/>\nCal&hellip;  <a href=\"https:\/\/agora.xtec.cat\/ceip-catalunya-sabadell\/general\/jornada-de-portes-obertes\/\" title=\"Read JORNADA DE PORTES OBERTES\">Llegeix m\u00e9s\u00bb<\/a><\/p>\n","protected":false},"author":3,"featured_media":216,"comment_status":"open","ping_status":"open","sticky":false,"template":"","format":"standard","meta":{"_bbp_topic_count":0,"_bbp_reply_count":0,"_bbp_total_topic_count":0,"_bbp_total_reply_count":0,"_bbp_voice_count":0,"_bbp_anonymous_reply_count":0,"_bbp_topic_count_hidden":0,"_bbp_reply_count_hidden":0,"_bbp_forum_subforum_count":0,"footnotes":""},"categories":[1,4],"tags":[30],"class_list":["post-355","post","type-post","status-publish","format-standard","has-post-thumbnail","hentry","category-general","category-portada","tag-portes-obertes"],"post_mailing_queue_ids":[],"_links":{"self":[{"href":"https:\/\/agora.xtec.cat\/ceip-catalunya-sabadell\/wp-json\/wp\/v2\/posts\/355","targetHints":{"allow":["GET"]}}],"collection":[{"href":"https:\/\/agora.xtec.cat\/ceip-catalunya-sabadell\/wp-json\/wp\/v2\/posts"}],"about":[{"href":"https:\/\/agora.xtec.cat\/ceip-catalunya-sabadell\/wp-json\/wp\/v2\/types\/post"}],"author":[{"embeddable":true,"href":"https:\/\/agora.xtec.cat\/ceip-catalunya-sabadell\/wp-json\/wp\/v2\/users\/3"}],"replies":[{"embeddable":true,"href":"https:\/\/agora.xtec.cat\/ceip-catalunya-sabadell\/wp-json\/wp\/v2\/comments?post=355"}],"version-history":[{"count":3,"href":"https:\/\/agora.xtec.cat\/ceip-catalunya-sabadell\/wp-json\/wp\/v2\/posts\/355\/revisions"}],"predecessor-version":[{"id":360,"href":"https:\/\/agora.xtec.cat\/ceip-catalunya-sabadell\/wp-json\/wp\/v2\/posts\/355\/revisions\/360"}],"wp:featuredmedia":[{"embeddable":true,"href":"https:\/\/agora.xtec.cat\/ceip-catalunya-sabadell\/wp-json\/wp\/v2\/media\/216"}],"wp:attachment":[{"href":"https:\/\/agora.xtec.cat\/ceip-catalunya-sabadell\/wp-json\/wp\/v2\/media?parent=355"}],"wp:term":[{"taxonomy":"category","embeddable":true,"href":"https:\/\/agora.xtec.cat\/ceip-catalunya-sabadell\/wp-json\/wp\/v2\/categories?post=355"},{"taxonomy":"post_tag","embeddable":true,"href":"https:\/\/agora.xtec.cat\/ceip-catalunya-sabadell\/wp-json\/wp\/v2\/tags?post=355"}],"curies":[{"name":"wp","href":"https:\/\/api.w.org\/{rel}","templated":true}]}}