{"id":3501,"date":"2020-05-11T13:43:01","date_gmt":"2020-05-11T11:43:01","guid":{"rendered":"http:\/\/agora.xtec.cat\/ceip-catalunya-sabadell\/?p=3501"},"modified":"2020-05-11T13:43:01","modified_gmt":"2020-05-11T11:43:01","slug":"la-granja","status":"publish","type":"post","link":"https:\/\/agora.xtec.cat\/ceip-catalunya-sabadell\/primaria\/promocio19-28\/la-granja\/","title":{"rendered":"LA GRANJA"},"content":{"rendered":"<p>Bon dia fam\u00edlies.<\/p>\n<p>Aquesta setmana us proposem que mireu un parell de v\u00eddeos de La Granja. Per aquestes dates normalment fem una sortida a La Granja de Can Deu, aix\u00ed que no vol\u00edem deixar passar l&#8217;ocasi\u00f3 de veure una granja per dins i quins animals hi viuen de la m\u00e0 d&#8217;en Teo i la Paula. Cliqueu els enlla\u00e7os i gaudiu!<\/p>\n<p><a href=\"https:\/\/youtu.be\/b3mF1GiBpUA\"><img loading=\"lazy\" decoding=\"async\" class=\"aligncenter size-full wp-image-3502\" src=\"https:\/\/agora.xtec.cat\/ceip-catalunya-sabadell\/wp-content\/uploads\/usu823\/2020\/05\/61WLi7WARgL._SR600_315_PIWhiteStrip_BottomLeft_0_35_PIStarRatingFOURANDHALF_BottomLeft_360_-6_SR600_315_ZA_31_Reviews_445_286_400_400_arial_12_4_0_0_5_SCLZZZZZZZ_.jpg\" alt=\"\" width=\"600\" height=\"315\" srcset=\"https:\/\/agora.xtec.cat\/ceip-catalunya-sabadell\/wp-content\/uploads\/usu823\/2020\/05\/61WLi7WARgL._SR600_315_PIWhiteStrip_BottomLeft_0_35_PIStarRatingFOURANDHALF_BottomLeft_360_-6_SR600_315_ZA_31_Reviews_445_286_400_400_arial_12_4_0_0_5_SCLZZZZZZZ_.jpg 600w, https:\/\/agora.xtec.cat\/ceip-catalunya-sabadell\/wp-content\/uploads\/usu823\/2020\/05\/61WLi7WARgL._SR600_315_PIWhiteStrip_BottomLeft_0_35_PIStarRatingFOURANDHALF_BottomLeft_360_-6_SR600_315_ZA_31_Reviews_445_286_400_400_arial_12_4_0_0_5_SCLZZZZZZZ_-300x158.jpg 300w\" sizes=\"auto, (max-width: 600px) 100vw, 600px\" \/><\/a><\/p>\n<p><a href=\"https:\/\/www.ccma.cat\/tv3\/super3\/comptem-paula\/ous-amb-permis\/video\/5815025\/\"><img loading=\"lazy\" decoding=\"async\" class=\"aligncenter size-large wp-image-3504\" src=\"https:\/\/agora.xtec.cat\/ceip-catalunya-sabadell\/wp-content\/uploads\/usu823\/2020\/05\/maxresdefault-1024x576.jpg\" alt=\"\" width=\"1024\" height=\"576\" srcset=\"https:\/\/agora.xtec.cat\/ceip-catalunya-sabadell\/wp-content\/uploads\/usu823\/2020\/05\/maxresdefault-1024x576.jpg 1024w, https:\/\/agora.xtec.cat\/ceip-catalunya-sabadell\/wp-content\/uploads\/usu823\/2020\/05\/maxresdefault-300x169.jpg 300w, https:\/\/agora.xtec.cat\/ceip-catalunya-sabadell\/wp-content\/uploads\/usu823\/2020\/05\/maxresdefault-768x432.jpg 768w, https:\/\/agora.xtec.cat\/ceip-catalunya-sabadell\/wp-content\/uploads\/usu823\/2020\/05\/maxresdefault.jpg 1280w\" sizes=\"auto, (max-width: 1024px) 100vw, 1024px\" \/><\/a><\/p>\n<p>Esperem que us agradin. Fins aviat!<\/p>\n","protected":false},"excerpt":{"rendered":"<p>Bon dia fam\u00edlies.<br \/>\nAquesta setmana us proposem que mireu un parell de v\u00eddeos de La Granja. Per aquestes dates normalment fem una sortida a La Granja de Can Deu, aix\u00ed que no vol\u00edem deixar passar l&#8217;ocasi\u00f3 de veure una granja per dins i quins animals hi&hellip;  <a href=\"https:\/\/agora.xtec.cat\/ceip-catalunya-sabadell\/primaria\/promocio19-28\/la-granja\/\" title=\"Read LA GRANJA\">Llegeix m\u00e9s\u00bb<\/a><\/p>\n","protected":false},"author":40,"featured_media":3547,"comment_status":"open","ping_status":"closed","sticky":false,"template":"","format":"standard","meta":{"_bbp_topic_count":0,"_bbp_reply_count":0,"_bbp_total_topic_count":0,"_bbp_total_reply_count":0,"_bbp_voice_count":0,"_bbp_anonymous_reply_count":0,"_bbp_topic_count_hidden":0,"_bbp_reply_count_hidden":0,"_bbp_forum_subforum_count":0,"footnotes":""},"categories":[118],"tags":[],"class_list":["post-3501","post","type-post","status-publish","format-standard","has-post-thumbnail","hentry","category-promocio19-28"],"post_mailing_queue_ids":[],"_links":{"self":[{"href":"https:\/\/agora.xtec.cat\/ceip-catalunya-sabadell\/wp-json\/wp\/v2\/posts\/3501","targetHints":{"allow":["GET"]}}],"collection":[{"href":"https:\/\/agora.xtec.cat\/ceip-catalunya-sabadell\/wp-json\/wp\/v2\/posts"}],"about":[{"href":"https:\/\/agora.xtec.cat\/ceip-catalunya-sabadell\/wp-json\/wp\/v2\/types\/post"}],"author":[{"embeddable":true,"href":"https:\/\/agora.xtec.cat\/ceip-catalunya-sabadell\/wp-json\/wp\/v2\/users\/40"}],"replies":[{"embeddable":true,"href":"https:\/\/agora.xtec.cat\/ceip-catalunya-sabadell\/wp-json\/wp\/v2\/comments?post=3501"}],"version-history":[{"count":3,"href":"https:\/\/agora.xtec.cat\/ceip-catalunya-sabadell\/wp-json\/wp\/v2\/posts\/3501\/revisions"}],"predecessor-version":[{"id":3506,"href":"https:\/\/agora.xtec.cat\/ceip-catalunya-sabadell\/wp-json\/wp\/v2\/posts\/3501\/revisions\/3506"}],"wp:featuredmedia":[{"embeddable":true,"href":"https:\/\/agora.xtec.cat\/ceip-catalunya-sabadell\/wp-json\/wp\/v2\/media\/3547"}],"wp:attachment":[{"href":"https:\/\/agora.xtec.cat\/ceip-catalunya-sabadell\/wp-json\/wp\/v2\/media?parent=3501"}],"wp:term":[{"taxonomy":"category","embeddable":true,"href":"https:\/\/agora.xtec.cat\/ceip-catalunya-sabadell\/wp-json\/wp\/v2\/categories?post=3501"},{"taxonomy":"post_tag","embeddable":true,"href":"https:\/\/agora.xtec.cat\/ceip-catalunya-sabadell\/wp-json\/wp\/v2\/tags?post=3501"}],"curies":[{"name":"wp","href":"https:\/\/api.w.org\/{rel}","templated":true}]}}