{"id":3495,"date":"2020-05-08T15:32:30","date_gmt":"2020-05-08T13:32:30","guid":{"rendered":"http:\/\/agora.xtec.cat\/ceip-catalunya-sabadell\/?p=3495"},"modified":"2020-07-06T10:38:30","modified_gmt":"2020-07-06T08:38:30","slug":"informacio-preinscripcio-20-21","status":"publish","type":"post","link":"https:\/\/agora.xtec.cat\/ceip-catalunya-sabadell\/portada\/informacio-preinscripcio-20-21\/","title":{"rendered":"INFORMACI\u00d3 PREINSCRIPCI\u00d3 20-21"},"content":{"rendered":"<p>Benvolgudes fam\u00edlies,<\/p>\n<div>\n<p>Enguany, la preinscripci\u00f3 es far\u00e0 del <b>13 al 22 de maig <\/b>de forma telem\u00e0tica.<\/p>\n<p>El nostre tel\u00e8fon de contacte \u00e9s\u00a0 <strong>937269392<\/strong> i l&#8217;horari <strong>d&#8217;atenci\u00f3 telef\u00f2nica <\/strong>ser\u00e0 de <strong>9 a 14h, de dilluns a divendres<\/strong>.<\/p>\n<h4>Per fer la preinscripci\u00f3 de forma telem\u00e0tica, cliqueu el seg\u00fcent enlla\u00e7: <a href=\"https:\/\/aplicacions.gestioeducativa.gencat.cat\/pls\/apex\/f?p=20160079072543618:5:::NO:RP,5,10,15,20,25::&amp;cs=3m4qlb_-NQlG3mVmConSRrDyYSOk\">SOL\u00b7LICITUD<\/a><\/h4>\n<p>Per casos excepcionals que no es pugui fer de forma telem\u00e0tica, podeu sol\u00b7licitar cita pr\u00e8via clicant aqu\u00ed <a href=\"https:\/\/aplicacions.gestioeducativa.gencat.cat\/pls\/apex\/f?p=CITA_PREVIA:4::::4:P4_TIPUS_CALENDARI,P4_DOMINI:01_Oblig,08038582\">CITA PR\u00c8VIA<\/a><\/p>\n<p><strong>La data l\u00edmit per a entregar sol\u00b7licituds de forma presencial a l&#8217;escola amb cita pr\u00e8via \u00e9s el dia 22 de mar\u00e7 a les 12.30h.\u00a0<\/strong><\/p>\n<p>Per a m\u00e9s informaci\u00f3 sobre el proc\u00e9s de preinscripci\u00f3, us podeu dirigir a la web\u00a0<a href=\"http:\/\/queestudiar.gencat.cat\/ca\/preinscripcio\/\">http:\/\/queestudiar.gencat.cat\/ca\/preinscripcio\/<\/a><\/p>\n<p>Per consultar l&#8217;oferta de places per al proper curs, us podeu adre\u00e7ar a la web\u00a0<a href=\"http:\/\/mapaescolar.gencat.cat\/\">http:\/\/mapaescolar.gencat.cat\/<\/a><\/p>\n<p>Qualsevol dubte, ens el podeu fer arribar al correu <strong>preinscripcio@escolacatalunyasbd.cat<\/strong><\/p>\n<p>Un cop feta la preinscripci\u00f3, caldr\u00e0 que ens envieu el <strong>resguard<\/strong> de la preinscripci\u00f3 i la documentaci\u00f3 acreditativa (DNI i llibre de fam\u00edlia) al correu <strong>a8038582@xtec.cat<\/strong><\/p>\n<\/div>\n","protected":false},"excerpt":{"rendered":"<p>Benvolgudes fam\u00edlies,<\/p>\n<p>Enguany, la preinscripci\u00f3 es far\u00e0 del 13 al 22 de maig de forma telem\u00e0tica.<br \/>\nEl nostre tel\u00e8fon de contacte \u00e9s\u00a0 937269392 i l&#8217;horari d&#8217;atenci\u00f3 telef\u00f2nica ser\u00e0 de 9 a 14h, de dilluns a divendres.<br \/>\nPer fer la preinscripci\u00f3 de forma telem\u00e0tica, cliqueu el seg\u00fcent enlla\u00e7: <a&hellip;  <a href=\"https:\/\/agora.xtec.cat\/ceip-catalunya-sabadell\/portada\/informacio-preinscripcio-20-21\/\" title=\"Read INFORMACI\u00d3 PREINSCRIPCI\u00d3 20-21\">Llegeix m\u00e9s\u00bb<\/a><\/p>\n","protected":false},"author":3,"featured_media":0,"comment_status":"open","ping_status":"closed","sticky":false,"template":"","format":"standard","meta":{"_bbp_topic_count":0,"_bbp_reply_count":0,"_bbp_total_topic_count":0,"_bbp_total_reply_count":0,"_bbp_voice_count":0,"_bbp_anonymous_reply_count":0,"_bbp_topic_count_hidden":0,"_bbp_reply_count_hidden":0,"_bbp_forum_subforum_count":0,"footnotes":""},"categories":[4,123],"tags":[],"class_list":["post-3495","post","type-post","status-publish","format-standard","hentry","category-portada","category-preinscripcio-i-matricula"],"post_mailing_queue_ids":[],"_links":{"self":[{"href":"https:\/\/agora.xtec.cat\/ceip-catalunya-sabadell\/wp-json\/wp\/v2\/posts\/3495","targetHints":{"allow":["GET"]}}],"collection":[{"href":"https:\/\/agora.xtec.cat\/ceip-catalunya-sabadell\/wp-json\/wp\/v2\/posts"}],"about":[{"href":"https:\/\/agora.xtec.cat\/ceip-catalunya-sabadell\/wp-json\/wp\/v2\/types\/post"}],"author":[{"embeddable":true,"href":"https:\/\/agora.xtec.cat\/ceip-catalunya-sabadell\/wp-json\/wp\/v2\/users\/3"}],"replies":[{"embeddable":true,"href":"https:\/\/agora.xtec.cat\/ceip-catalunya-sabadell\/wp-json\/wp\/v2\/comments?post=3495"}],"version-history":[{"count":3,"href":"https:\/\/agora.xtec.cat\/ceip-catalunya-sabadell\/wp-json\/wp\/v2\/posts\/3495\/revisions"}],"predecessor-version":[{"id":3592,"href":"https:\/\/agora.xtec.cat\/ceip-catalunya-sabadell\/wp-json\/wp\/v2\/posts\/3495\/revisions\/3592"}],"wp:attachment":[{"href":"https:\/\/agora.xtec.cat\/ceip-catalunya-sabadell\/wp-json\/wp\/v2\/media?parent=3495"}],"wp:term":[{"taxonomy":"category","embeddable":true,"href":"https:\/\/agora.xtec.cat\/ceip-catalunya-sabadell\/wp-json\/wp\/v2\/categories?post=3495"},{"taxonomy":"post_tag","embeddable":true,"href":"https:\/\/agora.xtec.cat\/ceip-catalunya-sabadell\/wp-json\/wp\/v2\/tags?post=3495"}],"curies":[{"name":"wp","href":"https:\/\/api.w.org\/{rel}","templated":true}]}}