{"id":3489,"date":"2020-05-04T08:52:53","date_gmt":"2020-05-04T06:52:53","guid":{"rendered":"http:\/\/agora.xtec.cat\/ceip-catalunya-sabadell\/?p=3489"},"modified":"2020-05-04T08:53:02","modified_gmt":"2020-05-04T06:53:02","slug":"tasques-per-a-la-setmana-del-4-al-7-de-maig","status":"publish","type":"post","link":"https:\/\/agora.xtec.cat\/ceip-catalunya-sabadell\/portada\/tasques-per-a-la-setmana-del-4-al-7-de-maig\/","title":{"rendered":"TASQUES PER A LA SETMANA DEL 4 AL 7 DE MAIG"},"content":{"rendered":"<p>Benvolgudes fam\u00edlies, aqu\u00ed us deixem les tasques que corresponen a la setmana del 4 al 7 de maig (recordeu que aquesta setmana el divendres\u00a0 8 de maig \u00e9s dia de lliure disposici\u00f3). Pel que fa a la propera setmana, el dilluns 11 de maig \u00e9s festiu a Sabadell (festa de La Salut) per\u00f2 publicarem les tasques igualment el dilluns.<\/p>\n<p>Si cliqueu a la icona del nivell del vostre fill o filla, les podeu consultar.<\/p>\n<p>Teniu tamb\u00e9 la informaci\u00f3 en el vostre correu electr\u00f2nic i l&#8217;alumnat de 4t a 6\u00e8\u00a0 la tenen a m\u00e9s a m\u00e9s en el seu propi\u00a0 e-mail de centre:<\/p>\n<p>&nbsp;<\/p>\n<p style=\"text-align: center\"><a href=\"https:\/\/drive.google.com\/file\/d\/1YUjchtizMVxiRzrJ51-LqQC5pfsmEDOE\/view?usp=sharing\"><img loading=\"lazy\" decoding=\"async\" class=\"alignnone size-full wp-image-3435\" src=\"https:\/\/agora.xtec.cat\/ceip-catalunya-sabadell\/wp-content\/uploads\/usu823\/2020\/04\/P3.png\" alt=\"\" width=\"238\" height=\"139\" \/><\/a><\/p>\n<p style=\"text-align: center\"><a href=\"https:\/\/drive.google.com\/file\/d\/1urYa8d-N0JyI5VDRU3uEbQqJcLeXDK1R\/view?usp=sharing\"><img loading=\"lazy\" decoding=\"async\" class=\"alignnone size-full wp-image-3436\" src=\"https:\/\/agora.xtec.cat\/ceip-catalunya-sabadell\/wp-content\/uploads\/usu823\/2020\/04\/P4.png\" alt=\"\" width=\"260\" height=\"147\" \/><\/a><\/p>\n<p style=\"text-align: center\"><a href=\"https:\/\/drive.google.com\/file\/d\/1AmA66c07yqzc5QBrf-LzuZWl83TrCBd2\/view?usp=sharing\"><img loading=\"lazy\" decoding=\"async\" class=\"alignnone size-full wp-image-3437\" src=\"https:\/\/agora.xtec.cat\/ceip-catalunya-sabadell\/wp-content\/uploads\/usu823\/2020\/04\/P5.png\" alt=\"\" width=\"239\" height=\"164\" \/><\/a><\/p>\n<p><a href=\"https:\/\/drive.google.com\/file\/d\/1WCRzJ44gGy28IUxiJVdxaYqZDNE_4qgL\/view?usp=sharing\"><img loading=\"lazy\" decoding=\"async\" class=\"size-medium wp-image-3468 aligncenter\" src=\"https:\/\/agora.xtec.cat\/ceip-catalunya-sabadell\/wp-content\/uploads\/usu823\/2020\/04\/1r-1-300x187.png\" alt=\"\" width=\"300\" height=\"187\" srcset=\"https:\/\/agora.xtec.cat\/ceip-catalunya-sabadell\/wp-content\/uploads\/usu823\/2020\/04\/1r-1-300x187.png 300w, https:\/\/agora.xtec.cat\/ceip-catalunya-sabadell\/wp-content\/uploads\/usu823\/2020\/04\/1r-1.png 426w\" sizes=\"auto, (max-width: 300px) 100vw, 300px\" \/><\/a><\/p>\n<p style=\"text-align: center\"><a href=\"https:\/\/drive.google.com\/file\/d\/1hToBKrJKKe-5uG5sJQkReqnQpZnLILpg\/view?usp=sharing\"><img loading=\"lazy\" decoding=\"async\" class=\"alignnone size-full wp-image-3466\" src=\"https:\/\/agora.xtec.cat\/ceip-catalunya-sabadell\/wp-content\/uploads\/usu823\/2020\/04\/2n-2.png\" alt=\"\" width=\"258\" height=\"146\" \/><\/a><\/p>\n<p style=\"text-align: center\"><a href=\"https:\/\/drive.google.com\/file\/d\/11YKvoit0xB5aMJz9uPiRxUCqN5twpg0J\/view?usp=sharing\"><img loading=\"lazy\" decoding=\"async\" class=\"alignnone size-full wp-image-3469\" src=\"https:\/\/agora.xtec.cat\/ceip-catalunya-sabadell\/wp-content\/uploads\/usu823\/2020\/04\/3r-1.png\" alt=\"\" width=\"220\" height=\"217\" \/><\/a><\/p>\n<p style=\"text-align: center\"><a href=\"https:\/\/drive.google.com\/file\/d\/1R_tWSAwyAs_WxbsUPihl3iAnJBVHcg1c\/view?usp=sharing\"><img loading=\"lazy\" decoding=\"async\" class=\"alignnone size-medium wp-image-3479\" src=\"https:\/\/agora.xtec.cat\/ceip-catalunya-sabadell\/wp-content\/uploads\/usu823\/2020\/04\/4t-1-300x132.png\" alt=\"\" width=\"300\" height=\"132\" srcset=\"https:\/\/agora.xtec.cat\/ceip-catalunya-sabadell\/wp-content\/uploads\/usu823\/2020\/04\/4t-1-300x132.png 300w, https:\/\/agora.xtec.cat\/ceip-catalunya-sabadell\/wp-content\/uploads\/usu823\/2020\/04\/4t-1.png 343w\" sizes=\"auto, (max-width: 300px) 100vw, 300px\" \/><\/a><\/p>\n<p style=\"text-align: center\"><a href=\"https:\/\/drive.google.com\/file\/d\/1h6LI2tBe6NYf5vojZw48c4FoeaqBZly0\/view?usp=sharing\"><img loading=\"lazy\" decoding=\"async\" class=\"alignnone size-medium wp-image-3470\" src=\"https:\/\/agora.xtec.cat\/ceip-catalunya-sabadell\/wp-content\/uploads\/usu823\/2020\/04\/5\u00e8-300x145.png\" alt=\"\" width=\"300\" height=\"145\" srcset=\"https:\/\/agora.xtec.cat\/ceip-catalunya-sabadell\/wp-content\/uploads\/usu823\/2020\/04\/5\u00e8-300x145.png 300w, https:\/\/agora.xtec.cat\/ceip-catalunya-sabadell\/wp-content\/uploads\/usu823\/2020\/04\/5\u00e8.png 522w\" sizes=\"auto, (max-width: 300px) 100vw, 300px\" \/><\/a><\/p>\n<p style=\"text-align: center\"><a href=\"https:\/\/drive.google.com\/file\/d\/1CS3q8Wu6_C1ju--3Mxasb5yzzhzkycIe\/view?usp=sharing\"><img loading=\"lazy\" decoding=\"async\" class=\"alignnone size-medium wp-image-3471\" src=\"https:\/\/agora.xtec.cat\/ceip-catalunya-sabadell\/wp-content\/uploads\/usu823\/2020\/04\/6\u00e8-300x148.png\" alt=\"\" width=\"300\" height=\"148\" srcset=\"https:\/\/agora.xtec.cat\/ceip-catalunya-sabadell\/wp-content\/uploads\/usu823\/2020\/04\/6\u00e8-300x148.png 300w, https:\/\/agora.xtec.cat\/ceip-catalunya-sabadell\/wp-content\/uploads\/usu823\/2020\/04\/6\u00e8.png 526w\" sizes=\"auto, (max-width: 300px) 100vw, 300px\" \/><\/a><\/p>\n","protected":false},"excerpt":{"rendered":"<p>Benvolgudes fam\u00edlies, aqu\u00ed us deixem les tasques que corresponen a la setmana del 4 al 7 de maig (recordeu que aquesta setmana el divendres\u00a0 8 de maig \u00e9s dia de lliure disposici\u00f3). Pel que fa a la propera setmana, el dilluns 11 de maig \u00e9s&hellip;  <a href=\"https:\/\/agora.xtec.cat\/ceip-catalunya-sabadell\/portada\/tasques-per-a-la-setmana-del-4-al-7-de-maig\/\" title=\"Read TASQUES PER A LA SETMANA DEL 4 AL 7 DE MAIG\">Llegeix m\u00e9s\u00bb<\/a><\/p>\n","protected":false},"author":22,"featured_media":3490,"comment_status":"open","ping_status":"closed","sticky":false,"template":"","format":"standard","meta":{"_bbp_topic_count":0,"_bbp_reply_count":0,"_bbp_total_topic_count":0,"_bbp_total_reply_count":0,"_bbp_voice_count":0,"_bbp_anonymous_reply_count":0,"_bbp_topic_count_hidden":0,"_bbp_reply_count_hidden":0,"_bbp_forum_subforum_count":0,"footnotes":""},"categories":[4,121],"tags":[],"class_list":["post-3489","post","type-post","status-publish","format-standard","has-post-thumbnail","hentry","category-portada","category-tasques-3r-trimestre"],"post_mailing_queue_ids":[],"_links":{"self":[{"href":"https:\/\/agora.xtec.cat\/ceip-catalunya-sabadell\/wp-json\/wp\/v2\/posts\/3489","targetHints":{"allow":["GET"]}}],"collection":[{"href":"https:\/\/agora.xtec.cat\/ceip-catalunya-sabadell\/wp-json\/wp\/v2\/posts"}],"about":[{"href":"https:\/\/agora.xtec.cat\/ceip-catalunya-sabadell\/wp-json\/wp\/v2\/types\/post"}],"author":[{"embeddable":true,"href":"https:\/\/agora.xtec.cat\/ceip-catalunya-sabadell\/wp-json\/wp\/v2\/users\/22"}],"replies":[{"embeddable":true,"href":"https:\/\/agora.xtec.cat\/ceip-catalunya-sabadell\/wp-json\/wp\/v2\/comments?post=3489"}],"version-history":[{"count":3,"href":"https:\/\/agora.xtec.cat\/ceip-catalunya-sabadell\/wp-json\/wp\/v2\/posts\/3489\/revisions"}],"predecessor-version":[{"id":3494,"href":"https:\/\/agora.xtec.cat\/ceip-catalunya-sabadell\/wp-json\/wp\/v2\/posts\/3489\/revisions\/3494"}],"wp:featuredmedia":[{"embeddable":true,"href":"https:\/\/agora.xtec.cat\/ceip-catalunya-sabadell\/wp-json\/wp\/v2\/media\/3490"}],"wp:attachment":[{"href":"https:\/\/agora.xtec.cat\/ceip-catalunya-sabadell\/wp-json\/wp\/v2\/media?parent=3489"}],"wp:term":[{"taxonomy":"category","embeddable":true,"href":"https:\/\/agora.xtec.cat\/ceip-catalunya-sabadell\/wp-json\/wp\/v2\/categories?post=3489"},{"taxonomy":"post_tag","embeddable":true,"href":"https:\/\/agora.xtec.cat\/ceip-catalunya-sabadell\/wp-json\/wp\/v2\/tags?post=3489"}],"curies":[{"name":"wp","href":"https:\/\/api.w.org\/{rel}","templated":true}]}}