{"id":3473,"date":"2020-04-23T11:06:42","date_gmt":"2020-04-23T09:06:42","guid":{"rendered":"http:\/\/agora.xtec.cat\/ceip-catalunya-sabadell\/?p=3473"},"modified":"2020-04-23T11:08:59","modified_gmt":"2020-04-23T09:08:59","slug":"felic-sant-jordi-2020","status":"publish","type":"post","link":"https:\/\/agora.xtec.cat\/ceip-catalunya-sabadell\/portada\/felic-sant-jordi-2020\/","title":{"rendered":"Feli\u00e7 Sant Jordi 2020"},"content":{"rendered":"<div>Si avui f\u00f3ssim a l&#8217;escola, els m\u00e9s petits de l&#8217;escola, far\u00edem ballar el drac, anir\u00edem a veure la representaci\u00f3 d&#8217;Art i Poesia dels alumnes de 3r, visitar\u00edem les paradetes de llibres dels alumnes de 6\u00e8 i els m\u00e9s grans, celebrar\u00edem els Jocs Florals.<\/div>\n<div><\/div>\n<div><\/div>\n<div>Aquest any no ho podrem celebrar plegats, per\u00f2 hem volgut preparar-vos una petita sorpresa que us fem arribar de tot cor.<\/div>\n<div><\/div>\n<div><iframe loading=\"lazy\" src=\"\/\/www.youtube.com\/embed\/4YU4h1QQaYQ\" width=\"560\" height=\"314\"><\/iframe><\/div>\n<div><\/div>\n<div><\/div>\n<div>Us regalem tamb\u00e9 un punt de llibre amb un rac\u00f3 de l&#8217;escola que \u00e9s molt especial per a nosaltres.<\/div>\n<div><\/div>\n<div><img loading=\"lazy\" decoding=\"async\" src=\"https:\/\/agora.xtec.cat\/ceip-catalunya-sabadell\/wp-content\/uploads\/usu823\/2020\/04\/punt-llibre-2020-1024x304.jpg\" alt=\"\" width=\"1024\" height=\"304\" \/><\/div>\n<div><\/div>\n<div><\/div>\n<div>Esperem que gaudiu d&#8217;aquesta diada! Feli\u00e7 Sant Jordi 2020!<\/div>\n<div><\/div>\n<div>Una abra\u00e7ada molt forta,<\/div>\n<div><\/div>\n<div>Equip de mestres Escola Catalunya<\/div>\n<div><img alt=\"\" \/><\/div>\n","protected":false},"excerpt":{"rendered":"<p>Si avui f\u00f3ssim a l&#8217;escola, els m\u00e9s petits de l&#8217;escola, far\u00edem ballar el drac, anir\u00edem a veure la representaci\u00f3 d&#8217;Art i Poesia dels alumnes de 3r, visitar\u00edem les paradetes de llibres dels alumnes de 6\u00e8 i els m\u00e9s grans, celebrar\u00edem els Jocs Florals.<\/p>\n<p>Aquest any no&hellip;  <a href=\"https:\/\/agora.xtec.cat\/ceip-catalunya-sabadell\/portada\/felic-sant-jordi-2020\/\" title=\"Read Feli\u00e7 Sant Jordi 2020\">Llegeix m\u00e9s\u00bb<\/a><\/p>\n","protected":false},"author":3,"featured_media":0,"comment_status":"open","ping_status":"closed","sticky":false,"template":"","format":"standard","meta":{"_bbp_topic_count":0,"_bbp_reply_count":0,"_bbp_total_topic_count":0,"_bbp_total_reply_count":0,"_bbp_voice_count":0,"_bbp_anonymous_reply_count":0,"_bbp_topic_count_hidden":0,"_bbp_reply_count_hidden":0,"_bbp_forum_subforum_count":0,"footnotes":""},"categories":[36,4],"tags":[],"class_list":["post-3473","post","type-post","status-publish","format-standard","hentry","category-festes","category-portada"],"post_mailing_queue_ids":[],"_links":{"self":[{"href":"https:\/\/agora.xtec.cat\/ceip-catalunya-sabadell\/wp-json\/wp\/v2\/posts\/3473","targetHints":{"allow":["GET"]}}],"collection":[{"href":"https:\/\/agora.xtec.cat\/ceip-catalunya-sabadell\/wp-json\/wp\/v2\/posts"}],"about":[{"href":"https:\/\/agora.xtec.cat\/ceip-catalunya-sabadell\/wp-json\/wp\/v2\/types\/post"}],"author":[{"embeddable":true,"href":"https:\/\/agora.xtec.cat\/ceip-catalunya-sabadell\/wp-json\/wp\/v2\/users\/3"}],"replies":[{"embeddable":true,"href":"https:\/\/agora.xtec.cat\/ceip-catalunya-sabadell\/wp-json\/wp\/v2\/comments?post=3473"}],"version-history":[{"count":3,"href":"https:\/\/agora.xtec.cat\/ceip-catalunya-sabadell\/wp-json\/wp\/v2\/posts\/3473\/revisions"}],"predecessor-version":[{"id":3478,"href":"https:\/\/agora.xtec.cat\/ceip-catalunya-sabadell\/wp-json\/wp\/v2\/posts\/3473\/revisions\/3478"}],"wp:attachment":[{"href":"https:\/\/agora.xtec.cat\/ceip-catalunya-sabadell\/wp-json\/wp\/v2\/media?parent=3473"}],"wp:term":[{"taxonomy":"category","embeddable":true,"href":"https:\/\/agora.xtec.cat\/ceip-catalunya-sabadell\/wp-json\/wp\/v2\/categories?post=3473"},{"taxonomy":"post_tag","embeddable":true,"href":"https:\/\/agora.xtec.cat\/ceip-catalunya-sabadell\/wp-json\/wp\/v2\/tags?post=3473"}],"curies":[{"name":"wp","href":"https:\/\/api.w.org\/{rel}","templated":true}]}}