{"id":3408,"date":"2020-04-01T10:24:58","date_gmt":"2020-04-01T08:24:58","guid":{"rendered":"http:\/\/agora.xtec.cat\/ceip-catalunya-sabadell\/?p=3408"},"modified":"2020-04-01T10:24:58","modified_gmt":"2020-04-01T08:24:58","slug":"projecte-ossos","status":"publish","type":"post","link":"https:\/\/agora.xtec.cat\/ceip-catalunya-sabadell\/primaria\/promocio19-28\/projecte-ossos\/","title":{"rendered":"PROJECTE OSSOS"},"content":{"rendered":"<p>Hola fam\u00edlies,<\/p>\n<p>Abans que tanquessim l&#8217;escola, els Ossos estavem immersos en el projecte del nom de la nostra classe. Ja sabeu que us vem demanar informaci\u00f3 sobre aquests animals i que vem treballar com son, qu\u00e8 fan, on viuen&#8230; Doncs tamb\u00e9 vem treballar un conte i una can\u00e7\u00f3. Aqui teniu l&#8217;enlla\u00e7 del conte i de la can\u00e7\u00f3 per tal que aquests dies a casa refresqueu la mem\u00f2ria.<\/p>\n<p>&nbsp;<\/p>\n<p style=\"text-align: center;\">Aqui teniu el conte<\/p>\n<p><a href=\"https:\/\/www.youtube.com\/watch?v=9BrkfQDAYv4\"><img loading=\"lazy\" decoding=\"async\" class=\"aligncenter wp-image-3410\" src=\"https:\/\/agora.xtec.cat\/ceip-catalunya-sabadell\/wp-content\/uploads\/usu823\/2020\/03\/descarga.jpg\" alt=\"\" width=\"345\" height=\"193\" \/><\/a><\/p>\n<p>&nbsp;<\/p>\n<p>I aqui teniu la can\u00e7\u00f3 dels Ossos.<\/p>\n<p>&nbsp;<\/p>\n<p><iframe loading=\"lazy\" src=\"\/\/www.youtube.com\/embed\/RTfEn0wy3_E\" width=\"560\" height=\"314\"><\/iframe><\/p>\n<p>&nbsp;<\/p>\n<p>Desitgem i esperem que gaudiu tots i totes de bona salut i esperem retrobar-nos ben aviat!!<\/p>\n<p>Un pet\u00f3 i una abra\u00e7ada virtuals!!<\/p>\n","protected":false},"excerpt":{"rendered":"<p>Hola fam\u00edlies,<br \/>\nAbans que tanquessim l&#8217;escola, els Ossos estavem immersos en el projecte del nom de la nostra classe. Ja sabeu que us vem demanar informaci\u00f3 sobre aquests animals i que vem treballar com son, qu\u00e8 fan, on viuen&#8230; Doncs tamb\u00e9 vem treballar un conte i&hellip;  <a href=\"https:\/\/agora.xtec.cat\/ceip-catalunya-sabadell\/primaria\/promocio19-28\/projecte-ossos\/\" title=\"Read PROJECTE OSSOS\">Llegeix m\u00e9s\u00bb<\/a><\/p>\n","protected":false},"author":40,"featured_media":0,"comment_status":"open","ping_status":"closed","sticky":false,"template":"","format":"standard","meta":{"_bbp_topic_count":0,"_bbp_reply_count":0,"_bbp_total_topic_count":0,"_bbp_total_reply_count":0,"_bbp_voice_count":0,"_bbp_anonymous_reply_count":0,"_bbp_topic_count_hidden":0,"_bbp_reply_count_hidden":0,"_bbp_forum_subforum_count":0,"footnotes":""},"categories":[118],"tags":[],"class_list":["post-3408","post","type-post","status-publish","format-standard","hentry","category-promocio19-28"],"post_mailing_queue_ids":[],"_links":{"self":[{"href":"https:\/\/agora.xtec.cat\/ceip-catalunya-sabadell\/wp-json\/wp\/v2\/posts\/3408","targetHints":{"allow":["GET"]}}],"collection":[{"href":"https:\/\/agora.xtec.cat\/ceip-catalunya-sabadell\/wp-json\/wp\/v2\/posts"}],"about":[{"href":"https:\/\/agora.xtec.cat\/ceip-catalunya-sabadell\/wp-json\/wp\/v2\/types\/post"}],"author":[{"embeddable":true,"href":"https:\/\/agora.xtec.cat\/ceip-catalunya-sabadell\/wp-json\/wp\/v2\/users\/40"}],"replies":[{"embeddable":true,"href":"https:\/\/agora.xtec.cat\/ceip-catalunya-sabadell\/wp-json\/wp\/v2\/comments?post=3408"}],"version-history":[{"count":3,"href":"https:\/\/agora.xtec.cat\/ceip-catalunya-sabadell\/wp-json\/wp\/v2\/posts\/3408\/revisions"}],"predecessor-version":[{"id":3416,"href":"https:\/\/agora.xtec.cat\/ceip-catalunya-sabadell\/wp-json\/wp\/v2\/posts\/3408\/revisions\/3416"}],"wp:attachment":[{"href":"https:\/\/agora.xtec.cat\/ceip-catalunya-sabadell\/wp-json\/wp\/v2\/media?parent=3408"}],"wp:term":[{"taxonomy":"category","embeddable":true,"href":"https:\/\/agora.xtec.cat\/ceip-catalunya-sabadell\/wp-json\/wp\/v2\/categories?post=3408"},{"taxonomy":"post_tag","embeddable":true,"href":"https:\/\/agora.xtec.cat\/ceip-catalunya-sabadell\/wp-json\/wp\/v2\/tags?post=3408"}],"curies":[{"name":"wp","href":"https:\/\/api.w.org\/{rel}","templated":true}]}}