{"id":3395,"date":"2020-03-27T20:09:25","date_gmt":"2020-03-27T19:09:25","guid":{"rendered":"http:\/\/agora.xtec.cat\/ceip-catalunya-sabadell\/?p=3395"},"modified":"2020-03-27T20:11:10","modified_gmt":"2020-03-27T19:11:10","slug":"missatge-especial","status":"publish","type":"post","link":"https:\/\/agora.xtec.cat\/ceip-catalunya-sabadell\/portada\/missatge-especial\/","title":{"rendered":"MISSATGE ESPECIAL&#8230;"},"content":{"rendered":"<p>Benvolgudes fam\u00edlies, aprofitant que avui \u00e9s el dia Mundial del teatre, volem que arribi a les vostres llars una posada en escena especial.<\/p>\n<p>L&#8217;escola us vol enviar un missatge a totes les fam\u00edlies i en especial al nostre alumnat. Desitgem que estigueu b\u00e9 i us encoratgem a seguir endavant malgrat les circumst\u00e0ncies.<\/p>\n<p>\u00c0nims!<\/p>\n<p>Amb molta estima,<\/p>\n<p>Escola Catalunya<\/p>\n<p>&nbsp;<\/p>\n<p><a href=\"https:\/\/youtu.be\/Esa4W_e5-xk\"><img loading=\"lazy\" decoding=\"async\" class=\"size-full wp-image-3396 aligncenter\" src=\"https:\/\/agora.xtec.cat\/ceip-catalunya-sabadell\/wp-content\/uploads\/usu823\/2020\/03\/Cap.png\" alt=\"\" width=\"199\" height=\"129\" \/> <\/a><\/p>\n<p>(cliqueu a sobre de la imatge i&#8230; sorpresa!!!)<\/p>\n<p>&nbsp;<\/p>\n<p>&nbsp;<\/p>\n<p>&nbsp;<\/p>\n<p>&nbsp;<\/p>\n","protected":false},"excerpt":{"rendered":"<p>Benvolgudes fam\u00edlies, aprofitant que avui \u00e9s el dia Mundial del teatre, volem que arribi a les vostres llars una posada en escena especial.<br \/>\nL&#8217;escola us vol enviar un missatge a totes les fam\u00edlies i en especial al nostre alumnat. Desitgem que estigueu b\u00e9 i us encoratgem&hellip;  <a href=\"https:\/\/agora.xtec.cat\/ceip-catalunya-sabadell\/portada\/missatge-especial\/\" title=\"Read MISSATGE ESPECIAL&#8230;\">Llegeix m\u00e9s\u00bb<\/a><\/p>\n","protected":false},"author":22,"featured_media":3396,"comment_status":"open","ping_status":"closed","sticky":false,"template":"","format":"standard","meta":{"_bbp_topic_count":0,"_bbp_reply_count":0,"_bbp_total_topic_count":0,"_bbp_total_reply_count":0,"_bbp_voice_count":0,"_bbp_anonymous_reply_count":0,"_bbp_topic_count_hidden":0,"_bbp_reply_count_hidden":0,"_bbp_forum_subforum_count":0,"footnotes":""},"categories":[4],"tags":[],"class_list":["post-3395","post","type-post","status-publish","format-standard","has-post-thumbnail","hentry","category-portada"],"post_mailing_queue_ids":[],"_links":{"self":[{"href":"https:\/\/agora.xtec.cat\/ceip-catalunya-sabadell\/wp-json\/wp\/v2\/posts\/3395","targetHints":{"allow":["GET"]}}],"collection":[{"href":"https:\/\/agora.xtec.cat\/ceip-catalunya-sabadell\/wp-json\/wp\/v2\/posts"}],"about":[{"href":"https:\/\/agora.xtec.cat\/ceip-catalunya-sabadell\/wp-json\/wp\/v2\/types\/post"}],"author":[{"embeddable":true,"href":"https:\/\/agora.xtec.cat\/ceip-catalunya-sabadell\/wp-json\/wp\/v2\/users\/22"}],"replies":[{"embeddable":true,"href":"https:\/\/agora.xtec.cat\/ceip-catalunya-sabadell\/wp-json\/wp\/v2\/comments?post=3395"}],"version-history":[{"count":2,"href":"https:\/\/agora.xtec.cat\/ceip-catalunya-sabadell\/wp-json\/wp\/v2\/posts\/3395\/revisions"}],"predecessor-version":[{"id":3399,"href":"https:\/\/agora.xtec.cat\/ceip-catalunya-sabadell\/wp-json\/wp\/v2\/posts\/3395\/revisions\/3399"}],"wp:featuredmedia":[{"embeddable":true,"href":"https:\/\/agora.xtec.cat\/ceip-catalunya-sabadell\/wp-json\/wp\/v2\/media\/3396"}],"wp:attachment":[{"href":"https:\/\/agora.xtec.cat\/ceip-catalunya-sabadell\/wp-json\/wp\/v2\/media?parent=3395"}],"wp:term":[{"taxonomy":"category","embeddable":true,"href":"https:\/\/agora.xtec.cat\/ceip-catalunya-sabadell\/wp-json\/wp\/v2\/categories?post=3395"},{"taxonomy":"post_tag","embeddable":true,"href":"https:\/\/agora.xtec.cat\/ceip-catalunya-sabadell\/wp-json\/wp\/v2\/tags?post=3395"}],"curies":[{"name":"wp","href":"https:\/\/api.w.org\/{rel}","templated":true}]}}