{"id":3380,"date":"2020-03-25T17:37:38","date_gmt":"2020-03-25T16:37:38","guid":{"rendered":"http:\/\/agora.xtec.cat\/ceip-catalunya-sabadell\/?p=3380"},"modified":"2020-03-30T12:32:20","modified_gmt":"2020-03-30T10:32:20","slug":"recomanacions-per-aquests-dies-a-casa","status":"publish","type":"post","link":"https:\/\/agora.xtec.cat\/ceip-catalunya-sabadell\/educacio-corporal\/recomanacions-per-aquests-dies-a-casa\/","title":{"rendered":"Recomanacions per aquests dies a casa"},"content":{"rendered":"<p>Benvolgudes fam\u00edlies, estrenem aquest apartat de la nostra p\u00e0gina web del centre amb uns consells que us volem donar des de l&#8217;\u00e0mbit de l&#8217;educaci\u00f3 f\u00edsica per aquests dies de confinament a casa.<\/p>\n<p>De tot cor desitgem que aquesta etapa passi el m\u00e9s aviat possible per\u00f2, mentrestant, no cal oblidar la import\u00e0ncia i la cura del nostre cos, que ens implica tamb\u00e9 la cura de la nostra ment.<\/p>\n<p>Un pet\u00f3 molt fort fam\u00edlies, us deixem un v\u00eddeo de presentaci\u00f3 d&#8217;algunes tasques i uns documents (un per Educaci\u00f3 Infantil i Cicle Inicial i un altre per Cicle Mitj\u00e0 i Cicle Superior) on trobareu diferents orientacions.<\/p>\n<p>Ah! I tamb\u00e9 us deixem el nostre mail de contacte: educacio.fisica@escolacatalunyasbd.cat<\/p>\n<p>En aquest mail podeu contactar amb les tres mestres que impartim Psicomotricitat i Educaci\u00f3 F\u00edsica, que som la L\u00eddia, la Gemma i la Mari Carme (ens podeu enviar dubtes, comentaris o v\u00eddeos del nostre alumnat, fent de les seves a casa!)<\/p>\n<p>Una abra\u00e7ada i esperem veure&#8217;ns aviat,<\/p>\n<p>&nbsp;<\/p>\n<p><a href=\"https:\/\/agora.xtec.cat\/ceip-catalunya-sabadell\/wp-content\/uploads\/usu823\/2020\/03\/PHOTO-2020-03-25-17-08-01.jpg\"><img loading=\"lazy\" decoding=\"async\" class=\"alignnone size-medium wp-image-3381\" src=\"https:\/\/agora.xtec.cat\/ceip-catalunya-sabadell\/wp-content\/uploads\/usu823\/2020\/03\/PHOTO-2020-03-25-17-08-01-300x168.jpg\" alt=\"\" width=\"300\" height=\"168\" srcset=\"https:\/\/agora.xtec.cat\/ceip-catalunya-sabadell\/wp-content\/uploads\/usu823\/2020\/03\/PHOTO-2020-03-25-17-08-01-300x168.jpg 300w, https:\/\/agora.xtec.cat\/ceip-catalunya-sabadell\/wp-content\/uploads\/usu823\/2020\/03\/PHOTO-2020-03-25-17-08-01-768x431.jpg 768w, https:\/\/agora.xtec.cat\/ceip-catalunya-sabadell\/wp-content\/uploads\/usu823\/2020\/03\/PHOTO-2020-03-25-17-08-01-1024x575.jpg 1024w, https:\/\/agora.xtec.cat\/ceip-catalunya-sabadell\/wp-content\/uploads\/usu823\/2020\/03\/PHOTO-2020-03-25-17-08-01.jpg 1600w\" sizes=\"auto, (max-width: 300px) 100vw, 300px\" \/><\/a><a href=\"https:\/\/agora.xtec.cat\/ceip-catalunya-sabadell\/wp-content\/uploads\/usu823\/2020\/03\/PHOTO-2020-03-25-14-01-29.jpg\"><img loading=\"lazy\" decoding=\"async\" class=\"alignnone size-medium wp-image-3382\" src=\"https:\/\/agora.xtec.cat\/ceip-catalunya-sabadell\/wp-content\/uploads\/usu823\/2020\/03\/PHOTO-2020-03-25-14-01-29-300x225.jpg\" alt=\"\" width=\"300\" height=\"225\" srcset=\"https:\/\/agora.xtec.cat\/ceip-catalunya-sabadell\/wp-content\/uploads\/usu823\/2020\/03\/PHOTO-2020-03-25-14-01-29-300x225.jpg 300w, https:\/\/agora.xtec.cat\/ceip-catalunya-sabadell\/wp-content\/uploads\/usu823\/2020\/03\/PHOTO-2020-03-25-14-01-29-768x576.jpg 768w, https:\/\/agora.xtec.cat\/ceip-catalunya-sabadell\/wp-content\/uploads\/usu823\/2020\/03\/PHOTO-2020-03-25-14-01-29.jpg 1024w, https:\/\/agora.xtec.cat\/ceip-catalunya-sabadell\/wp-content\/uploads\/usu823\/2020\/03\/PHOTO-2020-03-25-14-01-29-200x150.jpg 200w\" sizes=\"auto, (max-width: 300px) 100vw, 300px\" \/><\/a><a href=\"https:\/\/agora.xtec.cat\/ceip-catalunya-sabadell\/wp-content\/uploads\/usu823\/2020\/03\/PHOTO-2020-03-25-12-01-25.jpg\"><img loading=\"lazy\" decoding=\"async\" class=\"alignnone size-medium wp-image-3383\" src=\"https:\/\/agora.xtec.cat\/ceip-catalunya-sabadell\/wp-content\/uploads\/usu823\/2020\/03\/PHOTO-2020-03-25-12-01-25-225x300.jpg\" alt=\"\" width=\"225\" height=\"300\" srcset=\"https:\/\/agora.xtec.cat\/ceip-catalunya-sabadell\/wp-content\/uploads\/usu823\/2020\/03\/PHOTO-2020-03-25-12-01-25-225x300.jpg 225w, https:\/\/agora.xtec.cat\/ceip-catalunya-sabadell\/wp-content\/uploads\/usu823\/2020\/03\/PHOTO-2020-03-25-12-01-25.jpg 768w\" sizes=\"auto, (max-width: 225px) 100vw, 225px\" \/><\/a><\/p>\n<p>&nbsp;<\/p>\n<p><a href=\"https:\/\/youtu.be\/1EmJtEUnFHs\"><img loading=\"lazy\" decoding=\"async\" class=\"size-medium wp-image-3384 alignleft\" src=\"https:\/\/agora.xtec.cat\/ceip-catalunya-sabadell\/wp-content\/uploads\/usu823\/2020\/03\/Captura-300x188.png\" alt=\"\" width=\"300\" height=\"188\" srcset=\"https:\/\/agora.xtec.cat\/ceip-catalunya-sabadell\/wp-content\/uploads\/usu823\/2020\/03\/Captura-300x188.png 300w, https:\/\/agora.xtec.cat\/ceip-catalunya-sabadell\/wp-content\/uploads\/usu823\/2020\/03\/Captura.png 694w\" sizes=\"auto, (max-width: 300px) 100vw, 300px\" \/><\/a><\/p>\n<p>&nbsp;<\/p>\n<p>&nbsp;<\/p>\n<p><a href=\"https:\/\/youtu.be\/sLmKr_ARYoI\"><img loading=\"lazy\" decoding=\"async\" class=\"alignnone size-full wp-image-3401\" src=\"https:\/\/agora.xtec.cat\/ceip-catalunya-sabadell\/wp-content\/uploads\/usu823\/2020\/03\/L\u00eddia.png\" alt=\"\" width=\"279\" height=\"160\" \/><\/a><\/p>\n<p>&nbsp;<\/p>\n<p>&nbsp;<\/p>\n<p><em>(cliqueu a sobre de cada\u00a0 imatge i anireu a un v\u00eddeo)<\/em><\/p>\n<p>&nbsp;<\/p>\n<p>Per accedir al document i els enlla\u00e7os, cliqueu a sobre:<\/p>\n<p><a href=\"https:\/\/agora.xtec.cat\/ceip-catalunya-sabadell\/wp-content\/uploads\/usu823\/2020\/03\/EDUCACI\u00d3-CORPORAL-E-Infantil-i-Cicle-Inicial.pdf\">EDUCACI\u00d3 CORPORAL, E Infantil i Cicle Inicial<\/a><\/p>\n<p><a href=\"https:\/\/agora.xtec.cat\/ceip-catalunya-sabadell\/wp-content\/uploads\/usu823\/2020\/03\/EDUCACI\u00d3-CORPORAL-C-Mitj\u00e0-i-C-Superior.pdf\">EDUCACI\u00d3 CORPORAL, C Mitj\u00e0 i C Superior<\/a><\/p>\n","protected":false},"excerpt":{"rendered":"<p>Benvolgudes fam\u00edlies, estrenem aquest apartat de la nostra p\u00e0gina web del centre amb uns consells que us volem donar des de l&#8217;\u00e0mbit de l&#8217;educaci\u00f3 f\u00edsica per aquests dies de confinament a casa.<br \/>\nDe tot cor desitgem que aquesta etapa passi el m\u00e9s aviat possible per\u00f2, mentrestant,&hellip;  <a href=\"https:\/\/agora.xtec.cat\/ceip-catalunya-sabadell\/educacio-corporal\/recomanacions-per-aquests-dies-a-casa\/\" title=\"Read Recomanacions per aquests dies a casa\">Llegeix m\u00e9s\u00bb<\/a><\/p>\n","protected":false},"author":22,"featured_media":3389,"comment_status":"open","ping_status":"closed","sticky":false,"template":"","format":"standard","meta":{"_bbp_topic_count":0,"_bbp_reply_count":0,"_bbp_total_topic_count":0,"_bbp_total_reply_count":0,"_bbp_voice_count":0,"_bbp_anonymous_reply_count":0,"_bbp_topic_count_hidden":0,"_bbp_reply_count_hidden":0,"_bbp_forum_subforum_count":0,"footnotes":""},"categories":[120],"tags":[],"class_list":["post-3380","post","type-post","status-publish","format-standard","has-post-thumbnail","hentry","category-educacio-corporal"],"post_mailing_queue_ids":[],"_links":{"self":[{"href":"https:\/\/agora.xtec.cat\/ceip-catalunya-sabadell\/wp-json\/wp\/v2\/posts\/3380","targetHints":{"allow":["GET"]}}],"collection":[{"href":"https:\/\/agora.xtec.cat\/ceip-catalunya-sabadell\/wp-json\/wp\/v2\/posts"}],"about":[{"href":"https:\/\/agora.xtec.cat\/ceip-catalunya-sabadell\/wp-json\/wp\/v2\/types\/post"}],"author":[{"embeddable":true,"href":"https:\/\/agora.xtec.cat\/ceip-catalunya-sabadell\/wp-json\/wp\/v2\/users\/22"}],"replies":[{"embeddable":true,"href":"https:\/\/agora.xtec.cat\/ceip-catalunya-sabadell\/wp-json\/wp\/v2\/comments?post=3380"}],"version-history":[{"count":3,"href":"https:\/\/agora.xtec.cat\/ceip-catalunya-sabadell\/wp-json\/wp\/v2\/posts\/3380\/revisions"}],"predecessor-version":[{"id":3392,"href":"https:\/\/agora.xtec.cat\/ceip-catalunya-sabadell\/wp-json\/wp\/v2\/posts\/3380\/revisions\/3392"}],"wp:featuredmedia":[{"embeddable":true,"href":"https:\/\/agora.xtec.cat\/ceip-catalunya-sabadell\/wp-json\/wp\/v2\/media\/3389"}],"wp:attachment":[{"href":"https:\/\/agora.xtec.cat\/ceip-catalunya-sabadell\/wp-json\/wp\/v2\/media?parent=3380"}],"wp:term":[{"taxonomy":"category","embeddable":true,"href":"https:\/\/agora.xtec.cat\/ceip-catalunya-sabadell\/wp-json\/wp\/v2\/categories?post=3380"},{"taxonomy":"post_tag","embeddable":true,"href":"https:\/\/agora.xtec.cat\/ceip-catalunya-sabadell\/wp-json\/wp\/v2\/tags?post=3380"}],"curies":[{"name":"wp","href":"https:\/\/api.w.org\/{rel}","templated":true}]}}