{"id":3378,"date":"2020-04-01T10:24:07","date_gmt":"2020-04-01T08:24:07","guid":{"rendered":"http:\/\/agora.xtec.cat\/ceip-catalunya-sabadell\/?p=3378"},"modified":"2020-04-01T10:24:07","modified_gmt":"2020-04-01T08:24:07","slug":"projecte-esquirols","status":"publish","type":"post","link":"https:\/\/agora.xtec.cat\/ceip-catalunya-sabadell\/primaria\/promocio19-28\/projecte-esquirols\/","title":{"rendered":"PROJECTE ESQUIROLS"},"content":{"rendered":"<p>Hola families,<\/p>\n<p>Abans que tanquessim l&#8217;escola, els Esquirols estavem immersos en el nostre projecte del nom de la classe. Ja sabeu que us vem demanar informaci\u00f3 sobre aquests bonics animals i que vem treballar com son, qu\u00e8 fan, on viuen&#8230; Doncs tamb\u00e9 vem treballar un conte i unes can\u00e7ons. Aqui teniu l&#8217;enlla\u00e7 del conte i de les can\u00e7ons per tal que aquests dies a casa refresqueu la mem\u00f2ria.<\/p>\n<p>&nbsp;<\/p>\n<p style=\"text-align: center;\">Aquest \u00e9s el conte:<\/p>\n<p><a href=\"https:\/\/youtu.be\/8KdGbow5tPA\"><img loading=\"lazy\" decoding=\"async\" class=\"wp-image-3403 aligncenter\" src=\"https:\/\/agora.xtec.cat\/ceip-catalunya-sabadell\/wp-content\/uploads\/usu823\/2020\/03\/2971-hace-frio-en-el-bosque-cuento-sobre-la-solidaridad.jpg\" alt=\"\" width=\"261\" height=\"261\" srcset=\"https:\/\/agora.xtec.cat\/ceip-catalunya-sabadell\/wp-content\/uploads\/usu823\/2020\/03\/2971-hace-frio-en-el-bosque-cuento-sobre-la-solidaridad.jpg 1000w, https:\/\/agora.xtec.cat\/ceip-catalunya-sabadell\/wp-content\/uploads\/usu823\/2020\/03\/2971-hace-frio-en-el-bosque-cuento-sobre-la-solidaridad-150x150.jpg 150w, https:\/\/agora.xtec.cat\/ceip-catalunya-sabadell\/wp-content\/uploads\/usu823\/2020\/03\/2971-hace-frio-en-el-bosque-cuento-sobre-la-solidaridad-300x300.jpg 300w, https:\/\/agora.xtec.cat\/ceip-catalunya-sabadell\/wp-content\/uploads\/usu823\/2020\/03\/2971-hace-frio-en-el-bosque-cuento-sobre-la-solidaridad-768x768.jpg 768w\" sizes=\"auto, (max-width: 261px) 100vw, 261px\" \/><\/a><\/p>\n<p>&nbsp;<\/p>\n<p>&nbsp;<\/p>\n<p>&nbsp;<\/p>\n<p>I aqui teniu l&#8217;enlla\u00e7 de les dues can\u00e7ons.<\/p>\n<p>&nbsp;<\/p>\n<p><iframe loading=\"lazy\" src=\"\/\/www.youtube.com\/embed\/gn2ncNrGSks\" width=\"560\" height=\"314\"><\/iframe><\/p>\n<p>&nbsp;<\/p>\n<p>&nbsp;<\/p>\n<p>&nbsp;<\/p>\n<p><iframe loading=\"lazy\" src=\"\/\/www.youtube.com\/embed\/owyyyzQM0gw\" width=\"560\" height=\"314\"><\/iframe><\/p>\n<p>&nbsp;<\/p>\n<p>Desitgem i esperem que gaudiu tots i totes de bona salut i esperem retrobar-nos ben aviat!!<\/p>\n<p>Un pet\u00f3 i una abra\u00e7ada virtuals!!<\/p>\n","protected":false},"excerpt":{"rendered":"<p>Hola families,<br \/>\nAbans que tanquessim l&#8217;escola, els Esquirols estavem immersos en el nostre projecte del nom de la classe. Ja sabeu que us vem demanar informaci\u00f3 sobre aquests bonics animals i que vem treballar com son, qu\u00e8 fan, on viuen&#8230; Doncs tamb\u00e9 vem treballar un conte&hellip;  <a href=\"https:\/\/agora.xtec.cat\/ceip-catalunya-sabadell\/primaria\/promocio19-28\/projecte-esquirols\/\" title=\"Read PROJECTE ESQUIROLS\">Llegeix m\u00e9s\u00bb<\/a><\/p>\n","protected":false},"author":40,"featured_media":3414,"comment_status":"open","ping_status":"closed","sticky":false,"template":"","format":"standard","meta":{"_bbp_topic_count":0,"_bbp_reply_count":0,"_bbp_total_topic_count":0,"_bbp_total_reply_count":0,"_bbp_voice_count":0,"_bbp_anonymous_reply_count":0,"_bbp_topic_count_hidden":0,"_bbp_reply_count_hidden":0,"_bbp_forum_subforum_count":0,"footnotes":""},"categories":[118],"tags":[],"class_list":["post-3378","post","type-post","status-publish","format-standard","has-post-thumbnail","hentry","category-promocio19-28"],"post_mailing_queue_ids":[],"_links":{"self":[{"href":"https:\/\/agora.xtec.cat\/ceip-catalunya-sabadell\/wp-json\/wp\/v2\/posts\/3378","targetHints":{"allow":["GET"]}}],"collection":[{"href":"https:\/\/agora.xtec.cat\/ceip-catalunya-sabadell\/wp-json\/wp\/v2\/posts"}],"about":[{"href":"https:\/\/agora.xtec.cat\/ceip-catalunya-sabadell\/wp-json\/wp\/v2\/types\/post"}],"author":[{"embeddable":true,"href":"https:\/\/agora.xtec.cat\/ceip-catalunya-sabadell\/wp-json\/wp\/v2\/users\/40"}],"replies":[{"embeddable":true,"href":"https:\/\/agora.xtec.cat\/ceip-catalunya-sabadell\/wp-json\/wp\/v2\/comments?post=3378"}],"version-history":[{"count":3,"href":"https:\/\/agora.xtec.cat\/ceip-catalunya-sabadell\/wp-json\/wp\/v2\/posts\/3378\/revisions"}],"predecessor-version":[{"id":3415,"href":"https:\/\/agora.xtec.cat\/ceip-catalunya-sabadell\/wp-json\/wp\/v2\/posts\/3378\/revisions\/3415"}],"wp:featuredmedia":[{"embeddable":true,"href":"https:\/\/agora.xtec.cat\/ceip-catalunya-sabadell\/wp-json\/wp\/v2\/media\/3414"}],"wp:attachment":[{"href":"https:\/\/agora.xtec.cat\/ceip-catalunya-sabadell\/wp-json\/wp\/v2\/media?parent=3378"}],"wp:term":[{"taxonomy":"category","embeddable":true,"href":"https:\/\/agora.xtec.cat\/ceip-catalunya-sabadell\/wp-json\/wp\/v2\/categories?post=3378"},{"taxonomy":"post_tag","embeddable":true,"href":"https:\/\/agora.xtec.cat\/ceip-catalunya-sabadell\/wp-json\/wp\/v2\/tags?post=3378"}],"curies":[{"name":"wp","href":"https:\/\/api.w.org\/{rel}","templated":true}]}}