{"id":3317,"date":"2020-02-21T11:41:40","date_gmt":"2020-02-21T10:41:40","guid":{"rendered":"http:\/\/agora.xtec.cat\/ceip-catalunya-sabadell\/?p=3317"},"modified":"2020-02-21T11:42:01","modified_gmt":"2020-02-21T10:42:01","slug":"canco-per-anar-al-pati-un-dia-tan-especial-com-el-de-carnaval","status":"publish","type":"post","link":"https:\/\/agora.xtec.cat\/ceip-catalunya-sabadell\/portada\/canco-per-anar-al-pati-un-dia-tan-especial-com-el-de-carnaval\/","title":{"rendered":"Can\u00e7\u00f3 per anar al pati un dia tan especial com el de Carnaval"},"content":{"rendered":"<p>&nbsp;<\/p>\n<p>Aquesta ha estat la reacci\u00f3 espont\u00e0nia de l&#8217;alumnat abans d&#8217;anar al pati&#8230;. han escoltat la can\u00e7\u00f3 i la m\u00e0gia ens ha acompanyat.<\/p>\n<p>Ja sabeu que per carnaval&#8230; tot s&#8217;hi val !!!!!!<\/p>\n<p>Cliqueu la imatge per veure el v\u00eddeo!<\/p>\n<p><a href=\"https:\/\/drive.google.com\/file\/d\/1HX1i6sYC2JaHaI1ElT_3GV1SkJ0-ZDnA\/view?usp=sharing\"><img loading=\"lazy\" decoding=\"async\" class=\"alignnone wp-image-3318 size-medium\" src=\"https:\/\/agora.xtec.cat\/ceip-catalunya-sabadell\/wp-content\/uploads\/usu823\/2020\/02\/Veure-fotos-recents-300x174.jpg\" alt=\"\" width=\"300\" height=\"174\" srcset=\"https:\/\/agora.xtec.cat\/ceip-catalunya-sabadell\/wp-content\/uploads\/usu823\/2020\/02\/Veure-fotos-recents-300x174.jpg 300w, https:\/\/agora.xtec.cat\/ceip-catalunya-sabadell\/wp-content\/uploads\/usu823\/2020\/02\/Veure-fotos-recents-768x445.jpg 768w, https:\/\/agora.xtec.cat\/ceip-catalunya-sabadell\/wp-content\/uploads\/usu823\/2020\/02\/Veure-fotos-recents-1024x593.jpg 1024w, https:\/\/agora.xtec.cat\/ceip-catalunya-sabadell\/wp-content\/uploads\/usu823\/2020\/02\/Veure-fotos-recents.jpg 1430w\" sizes=\"auto, (max-width: 300px) 100vw, 300px\" \/><\/a><\/p>\n","protected":false},"excerpt":{"rendered":"<p>&nbsp;<br \/>\nAquesta ha estat la reacci\u00f3 espont\u00e0nia de l&#8217;alumnat abans d&#8217;anar al pati&#8230;. han escoltat la can\u00e7\u00f3 i la m\u00e0gia ens ha acompanyat.<br \/>\nJa sabeu que per carnaval&#8230; tot s&#8217;hi val !!!!!!<br \/>\nCliqueu la imatge per veure el v\u00eddeo!<br \/>\n<a href=\"https:\/\/drive.google.com\/file\/d\/1HX1i6sYC2JaHaI1ElT_3GV1SkJ0-ZDnA\/view?usp=sharing\"><\/a><\/p>\n","protected":false},"author":3,"featured_media":0,"comment_status":"open","ping_status":"closed","sticky":false,"template":"","format":"standard","meta":{"_bbp_topic_count":0,"_bbp_reply_count":0,"_bbp_total_topic_count":0,"_bbp_total_reply_count":0,"_bbp_voice_count":0,"_bbp_anonymous_reply_count":0,"_bbp_topic_count_hidden":0,"_bbp_reply_count_hidden":0,"_bbp_forum_subforum_count":0,"footnotes":""},"categories":[4],"tags":[],"class_list":["post-3317","post","type-post","status-publish","format-standard","hentry","category-portada"],"post_mailing_queue_ids":[],"_links":{"self":[{"href":"https:\/\/agora.xtec.cat\/ceip-catalunya-sabadell\/wp-json\/wp\/v2\/posts\/3317","targetHints":{"allow":["GET"]}}],"collection":[{"href":"https:\/\/agora.xtec.cat\/ceip-catalunya-sabadell\/wp-json\/wp\/v2\/posts"}],"about":[{"href":"https:\/\/agora.xtec.cat\/ceip-catalunya-sabadell\/wp-json\/wp\/v2\/types\/post"}],"author":[{"embeddable":true,"href":"https:\/\/agora.xtec.cat\/ceip-catalunya-sabadell\/wp-json\/wp\/v2\/users\/3"}],"replies":[{"embeddable":true,"href":"https:\/\/agora.xtec.cat\/ceip-catalunya-sabadell\/wp-json\/wp\/v2\/comments?post=3317"}],"version-history":[{"count":1,"href":"https:\/\/agora.xtec.cat\/ceip-catalunya-sabadell\/wp-json\/wp\/v2\/posts\/3317\/revisions"}],"predecessor-version":[{"id":3319,"href":"https:\/\/agora.xtec.cat\/ceip-catalunya-sabadell\/wp-json\/wp\/v2\/posts\/3317\/revisions\/3319"}],"wp:attachment":[{"href":"https:\/\/agora.xtec.cat\/ceip-catalunya-sabadell\/wp-json\/wp\/v2\/media?parent=3317"}],"wp:term":[{"taxonomy":"category","embeddable":true,"href":"https:\/\/agora.xtec.cat\/ceip-catalunya-sabadell\/wp-json\/wp\/v2\/categories?post=3317"},{"taxonomy":"post_tag","embeddable":true,"href":"https:\/\/agora.xtec.cat\/ceip-catalunya-sabadell\/wp-json\/wp\/v2\/tags?post=3317"}],"curies":[{"name":"wp","href":"https:\/\/api.w.org\/{rel}","templated":true}]}}