{"id":3295,"date":"2020-01-10T10:03:12","date_gmt":"2020-01-10T09:03:12","guid":{"rendered":"http:\/\/agora.xtec.cat\/ceip-catalunya-sabadell\/?p=3295"},"modified":"2020-01-10T10:03:12","modified_gmt":"2020-01-10T09:03:12","slug":"fil-musical","status":"publish","type":"post","link":"https:\/\/agora.xtec.cat\/ceip-catalunya-sabadell\/general\/fil-musical\/","title":{"rendered":"FIL MUSICAL"},"content":{"rendered":"<p>Som l\u2019alumnat de cinqu\u00e8 i sis\u00e8 (Borinots Power).<\/p>\n<p>Aqu\u00ed us deixem un v\u00eddeo on fem el sorteig de les can\u00e7ons que escoltarem en el fil musical quan baixem per anar al pati. D\u2019aquesta manera no hi ha tupinada!!!!!<\/p>\n<p><a href=\"https:\/\/photos.app.goo.gl\/bek3sm54qq2yU6h66\">https:\/\/photos.app.goo.gl\/bek3sm54qq2yU6h66<\/a><\/p>\n","protected":false},"excerpt":{"rendered":"<p>Som l\u2019alumnat de cinqu\u00e8 i sis\u00e8 (Borinots Power).<br \/>\nAqu\u00ed us deixem un v\u00eddeo on fem el sorteig de les can\u00e7ons que escoltarem en el fil musical quan baixem per anar al pati. D\u2019aquesta manera no hi ha tupinada!!!!!<br \/>\n<a href=\"https:\/\/photos.app.goo.gl\/bek3sm54qq2yU6h66\">https:\/\/photos.app.goo.gl\/bek3sm54qq2yU6h66<\/a><\/p>\n","protected":false},"author":5,"featured_media":0,"comment_status":"open","ping_status":"closed","sticky":false,"template":"","format":"standard","meta":{"_bbp_topic_count":0,"_bbp_reply_count":0,"_bbp_total_topic_count":0,"_bbp_total_reply_count":0,"_bbp_voice_count":0,"_bbp_anonymous_reply_count":0,"_bbp_topic_count_hidden":0,"_bbp_reply_count_hidden":0,"_bbp_forum_subforum_count":0,"footnotes":""},"categories":[1,4],"tags":[],"class_list":["post-3295","post","type-post","status-publish","format-standard","hentry","category-general","category-portada"],"post_mailing_queue_ids":[],"_links":{"self":[{"href":"https:\/\/agora.xtec.cat\/ceip-catalunya-sabadell\/wp-json\/wp\/v2\/posts\/3295","targetHints":{"allow":["GET"]}}],"collection":[{"href":"https:\/\/agora.xtec.cat\/ceip-catalunya-sabadell\/wp-json\/wp\/v2\/posts"}],"about":[{"href":"https:\/\/agora.xtec.cat\/ceip-catalunya-sabadell\/wp-json\/wp\/v2\/types\/post"}],"author":[{"embeddable":true,"href":"https:\/\/agora.xtec.cat\/ceip-catalunya-sabadell\/wp-json\/wp\/v2\/users\/5"}],"replies":[{"embeddable":true,"href":"https:\/\/agora.xtec.cat\/ceip-catalunya-sabadell\/wp-json\/wp\/v2\/comments?post=3295"}],"version-history":[{"count":1,"href":"https:\/\/agora.xtec.cat\/ceip-catalunya-sabadell\/wp-json\/wp\/v2\/posts\/3295\/revisions"}],"predecessor-version":[{"id":3296,"href":"https:\/\/agora.xtec.cat\/ceip-catalunya-sabadell\/wp-json\/wp\/v2\/posts\/3295\/revisions\/3296"}],"wp:attachment":[{"href":"https:\/\/agora.xtec.cat\/ceip-catalunya-sabadell\/wp-json\/wp\/v2\/media?parent=3295"}],"wp:term":[{"taxonomy":"category","embeddable":true,"href":"https:\/\/agora.xtec.cat\/ceip-catalunya-sabadell\/wp-json\/wp\/v2\/categories?post=3295"},{"taxonomy":"post_tag","embeddable":true,"href":"https:\/\/agora.xtec.cat\/ceip-catalunya-sabadell\/wp-json\/wp\/v2\/tags?post=3295"}],"curies":[{"name":"wp","href":"https:\/\/api.w.org\/{rel}","templated":true}]}}