{"id":3270,"date":"2020-01-08T00:11:24","date_gmt":"2020-01-07T23:11:24","guid":{"rendered":"http:\/\/agora.xtec.cat\/ceip-catalunya-sabadell\/?p=3270"},"modified":"2020-01-08T00:11:24","modified_gmt":"2020-01-07T23:11:24","slug":"fem-cagar-el-tio","status":"publish","type":"post","link":"https:\/\/agora.xtec.cat\/ceip-catalunya-sabadell\/primaria\/promocio19-28\/fem-cagar-el-tio\/","title":{"rendered":"FEM CAGAR EL TI\u00d3"},"content":{"rendered":"<p>El darrer dia de classe, els \u00f3ssos i els esquirols\u00a0 hem fet cagar el ti\u00f3. Aqu\u00ed teniu l&#8217;\u00e0lbum, cliqueu sobre el link per veure les fotos. \ud83d\ude42<\/p>\n<p>&nbsp;<\/p>\n<p><a href=\"https:\/\/photos.app.goo.gl\/P3PbEFmMvoazZuhA7\">https:\/\/photos.app.goo.gl\/P3PbEFmMvoazZuhA7<\/a><\/p>\n<p>&nbsp;<\/p>\n","protected":false},"excerpt":{"rendered":"<p>El darrer dia de classe, els \u00f3ssos i els esquirols\u00a0 hem fet cagar el ti\u00f3. Aqu\u00ed teniu l&#8217;\u00e0lbum, cliqueu sobre el link per veure les fotos. \ud83d\ude42<br \/>\n&nbsp;<br \/>\n<a href=\"https:\/\/photos.app.goo.gl\/P3PbEFmMvoazZuhA7\">https:\/\/photos.app.goo.gl\/P3PbEFmMvoazZuhA7<\/a><br \/>\n&nbsp;<\/p>\n","protected":false},"author":39,"featured_media":0,"comment_status":"open","ping_status":"closed","sticky":false,"template":"","format":"standard","meta":{"_bbp_topic_count":0,"_bbp_reply_count":0,"_bbp_total_topic_count":0,"_bbp_total_reply_count":0,"_bbp_voice_count":0,"_bbp_anonymous_reply_count":0,"_bbp_topic_count_hidden":0,"_bbp_reply_count_hidden":0,"_bbp_forum_subforum_count":0,"footnotes":""},"categories":[118],"tags":[],"class_list":["post-3270","post","type-post","status-publish","format-standard","hentry","category-promocio19-28"],"post_mailing_queue_ids":[],"_links":{"self":[{"href":"https:\/\/agora.xtec.cat\/ceip-catalunya-sabadell\/wp-json\/wp\/v2\/posts\/3270","targetHints":{"allow":["GET"]}}],"collection":[{"href":"https:\/\/agora.xtec.cat\/ceip-catalunya-sabadell\/wp-json\/wp\/v2\/posts"}],"about":[{"href":"https:\/\/agora.xtec.cat\/ceip-catalunya-sabadell\/wp-json\/wp\/v2\/types\/post"}],"author":[{"embeddable":true,"href":"https:\/\/agora.xtec.cat\/ceip-catalunya-sabadell\/wp-json\/wp\/v2\/users\/39"}],"replies":[{"embeddable":true,"href":"https:\/\/agora.xtec.cat\/ceip-catalunya-sabadell\/wp-json\/wp\/v2\/comments?post=3270"}],"version-history":[{"count":3,"href":"https:\/\/agora.xtec.cat\/ceip-catalunya-sabadell\/wp-json\/wp\/v2\/posts\/3270\/revisions"}],"predecessor-version":[{"id":3276,"href":"https:\/\/agora.xtec.cat\/ceip-catalunya-sabadell\/wp-json\/wp\/v2\/posts\/3270\/revisions\/3276"}],"wp:attachment":[{"href":"https:\/\/agora.xtec.cat\/ceip-catalunya-sabadell\/wp-json\/wp\/v2\/media?parent=3270"}],"wp:term":[{"taxonomy":"category","embeddable":true,"href":"https:\/\/agora.xtec.cat\/ceip-catalunya-sabadell\/wp-json\/wp\/v2\/categories?post=3270"},{"taxonomy":"post_tag","embeddable":true,"href":"https:\/\/agora.xtec.cat\/ceip-catalunya-sabadell\/wp-json\/wp\/v2\/tags?post=3270"}],"curies":[{"name":"wp","href":"https:\/\/api.w.org\/{rel}","templated":true}]}}